{"id":9017,"date":"2017-07-06T16:51:49","date_gmt":"2017-07-06T14:51:49","guid":{"rendered":"http:\/\/www.5vorflug.de\/blog\/?p=9017"},"modified":"2021-05-25T16:22:01","modified_gmt":"2021-05-25T14:22:01","slug":"reisebericht-fuerteventura","status":"publish","type":"post","link":"https:\/\/www.5vorflug.de\/blog\/5vorflug-reisewelt\/europa\/reisebericht-fuerteventura\/","title":{"rendered":"Reisebericht Fuerteventura: Ein Roadtrip auf der Vulkaninsel"},"content":{"rendered":"<p><strong>Fuerteventura &#8211; ein Reiseziel f\u00fcr jeden Typ und f\u00fcr jede Jahreszeit. Auch die kurze Flugzeit von Deutschland aus mit ca. 4 Stunden ist nur ein Argument von vielen, das f\u00fcr die beliebte kanarische Insel spricht. F\u00fcr meine Freundin und mich war Fuerteventura perfekt f\u00fcr einen Kurzurlaub. Um die Insel besonders gut zu erkunden, mieteten wir uns ein Auto und entdeckten so viele sch\u00f6ne Ecken auf dem Eiland.<\/strong><\/p>\n<h4><strong>Tag 1 und 2: Caleta de Fuste und die Autoanmietung&nbsp;<\/strong><\/h4>\n<p>Caleta de Fuste liegt an der <strong>Ostk\u00fcste<\/strong> Fuerteventuras in der n\u00e4he des Internationalen Flughafens und ist daher ein guter Ausgangspunkt f\u00fcr ausgedehnte Roadtrips \u00fcber die Insel. Neben Corralejo, Costa Calma und Jand\u00eda Playa ist der Ort eines der touristischen Zentren. Es gibt dort viele <strong>Restaurants<\/strong>, die allerlei spanische K\u00f6stlichkeiten anbieten, sowie Bars und verschiedene Einkaufsm\u00f6glichkeiten. Die kleine Bucht mit <strong>Sandstrand <\/strong>l\u00e4dt an hei\u00dfen Tagen zu einem Bad in den Wellen ein .<\/p>\n<div id=\"attachment_9042\" style=\"width: 1210px\" class=\"wp-caption aligncenter\"><img aria-describedby=\"caption-attachment-9042\" decoding=\"async\" loading=\"lazy\" class=\"size-full wp-image-9042\" src=\"https:\/\/www.5vorflug.de\/blog\/wp-content\/uploads\/2017\/07\/CaletaFueste.jpg\" alt=\"Caleta de Fueste in Fuerteventura\" width=\"1200\" height=\"500\" srcset=\"https:\/\/www.5vorflug.de\/blog\/wp-content\/uploads\/2017\/07\/CaletaFueste.jpg 1200w, https:\/\/www.5vorflug.de\/blog\/wp-content\/uploads\/2017\/07\/CaletaFueste-300x125.jpg 300w, https:\/\/www.5vorflug.de\/blog\/wp-content\/uploads\/2017\/07\/CaletaFueste-768x320.jpg 768w, https:\/\/www.5vorflug.de\/blog\/wp-content\/uploads\/2017\/07\/CaletaFueste-1024x427.jpg 1024w\" sizes=\"(max-width: 1200px) 100vw, 1200px\" \/><p id=\"caption-attachment-9042\" class=\"wp-caption-text\">Die Badebucht im Ort Caleta de Fueste.<\/p><\/div>\n<p>Man kommt in dem Ort sehr gut zu Fu\u00df voran und einmal die Woche gibt es hier auch einen <strong>Markt<\/strong>, den man auf jeden Fall besuchen kann. Nach etwas Entspannung am Pool und einer Entdeckungstour durch die Stadt haben wir uns ein <strong>Mietauto<\/strong> ausgeliehen um unseren kleinen Roadtrip in Angriff zu nehmen.&nbsp;&nbsp;<\/p>\n<div class=\"box shadow\"><div>\n\t\t\t<strong>Tipps zur Autoanmietung:<\/strong><\/p>\n<ul>\n<li>Mietwagenstationen gibt es an nahezu jedem gr\u00f6\u00dferen Ort auf Fuerteventura.&nbsp;Je mehr Tage man den Wagen nimmt, desto billiger wird es.&nbsp;<\/li>\n<li>Die Abwicklung mit dem Autovermieter ist wirklich einfach. Einfach vorbei gehen, sagen dass man Auto ausleihen m\u00f6chte und&nbsp;Personalausweis und F\u00fchrerschein vorzeigen.<\/li>\n<li>Das Mindestmietalter liegt meist bei 21 Jahren und man muss den F\u00fchrerschein bereits 1 Jahr besitzen.<\/li>\n<li>Der Tank ist bei Anmietung entweder voll bzw. halb voll und muss dann auch genau so wieder abgegeben werden. \n\t\t\t<\/div><\/div><\/li>\n<\/ul>\n<h4><strong> Tag 3: Corralejo, Majanicho und El Cotillo &#8211; Ein Surferparadies<\/strong><\/h4>\n<p>Wir starteten gegen 9 Uhr morgens f\u00fcr unsere erste Tour mit dem Auto und nahmen daf\u00fcr den Norden der Insel ins Visier. Kurz vor Corralejo mussten wir unbedingt am Stra\u00dfenrand anhalten um die riesigen <strong>Sandd\u00fcnen<\/strong> auf dem Weg zu bewundern. Gleich in der N\u00e4he befand sich auch ein toller Spot zum Baden und so verbrachten wir erstmal den Vormittag mit sonnen und im Meer. Am fr\u00fchen Nachmittag fuhren wir dann weiter hinein in die Stadt Corralejo, steuerten die n\u00e4chste Surf-Schule an und liehen uns Surfbretter aus. Fuerteventura eignet sich n\u00e4mlich prima zum <strong>Surfen<\/strong>, da die Wellen und Windbedingungen hier optimal sind.<\/p>\n<div id=\"attachment_9039\" style=\"width: 1210px\" class=\"wp-caption aligncenter\"><img aria-describedby=\"caption-attachment-9039\" decoding=\"async\" loading=\"lazy\" class=\"size-full wp-image-9039\" src=\"https:\/\/www.5vorflug.de\/blog\/wp-content\/uploads\/2017\/07\/Surfen_Majanicho.jpg\" alt=\"Surfen auf Fuerteventura\" width=\"1200\" height=\"500\" srcset=\"https:\/\/www.5vorflug.de\/blog\/wp-content\/uploads\/2017\/07\/Surfen_Majanicho.jpg 1200w, https:\/\/www.5vorflug.de\/blog\/wp-content\/uploads\/2017\/07\/Surfen_Majanicho-300x125.jpg 300w, https:\/\/www.5vorflug.de\/blog\/wp-content\/uploads\/2017\/07\/Surfen_Majanicho-768x320.jpg 768w, https:\/\/www.5vorflug.de\/blog\/wp-content\/uploads\/2017\/07\/Surfen_Majanicho-1024x427.jpg 1024w\" sizes=\"(max-width: 1200px) 100vw, 1200px\" \/><p id=\"caption-attachment-9039\" class=\"wp-caption-text\">Auf Fuerteventura gibt es viele tolle Surfspots.<\/p><\/div>\n<p>Mit dem Auto fuhren wir dann weiter nach <strong>Majanicho<\/strong>, einem beliebten <strong>Surfspot<\/strong>. Dort st\u00fcrzten wir uns sofort in die Wellen und probierten die ausgeliehenen Surfbretter aus. Nach einigen Stunden Surfaction, waren wir ausgepowert und planten deshalb einen eher gem\u00fctlichen Abend. Wir stiegen also wieder ins Auto und fuhren nach <strong>El Cotillo<\/strong>, einem kleinen s\u00fc\u00dfen Ort im Nord-Westen der Insel. Der dortige Sandstrand ist umgeben von einer langen Felswand und wirklich sch\u00f6n anzusehen. Direkt an der Strandpromenade fanden wir eine nette kleine Bar und mit einem leckeren Cocktail in der Hand beobachteten wir, wie die Sonne im Meer versank.<\/p>\n<h4><strong>Tag 4: La Pared &#8211; der einsame Strand.<\/strong><\/h4>\n<p>Heute ging es mit dem Mietauto an die S\u00fcd-Westk\u00fcste der Insel. In La Pared ist der Strand einfach unfassbar sch\u00f6n. Hier gibt es vergleichsweise <strong>wenige Touristen<\/strong>, weshalb der Strand manchmal eher einsam und verlassen wirkt. Zum Baden ist es hier nur bedingt geeignet, da hier immer eine starke Brandung und Unterstr\u00f6mung herrscht. Trotzdem verbrachten wir dort den ganzen Tag. La Pared ist auf jeden Fall einen Ausflug wert.<\/p>\n<div id=\"attachment_9046\" style=\"width: 1210px\" class=\"wp-caption aligncenter\"><img aria-describedby=\"caption-attachment-9046\" decoding=\"async\" loading=\"lazy\" class=\"size-full wp-image-9046\" src=\"https:\/\/www.5vorflug.de\/blog\/wp-content\/uploads\/2017\/07\/LaPared23.jpg\" alt=\"La Pared - ein einsamer Strand auf Fuerteventura\" width=\"1200\" height=\"650\" srcset=\"https:\/\/www.5vorflug.de\/blog\/wp-content\/uploads\/2017\/07\/LaPared23.jpg 1200w, https:\/\/www.5vorflug.de\/blog\/wp-content\/uploads\/2017\/07\/LaPared23-300x163.jpg 300w, https:\/\/www.5vorflug.de\/blog\/wp-content\/uploads\/2017\/07\/LaPared23-768x416.jpg 768w, https:\/\/www.5vorflug.de\/blog\/wp-content\/uploads\/2017\/07\/LaPared23-1024x555.jpg 1024w\" sizes=\"(max-width: 1200px) 100vw, 1200px\" \/><p id=\"caption-attachment-9046\" class=\"wp-caption-text\">Tosende Brandung und wenige Touristen gibt es in La Pared<\/p><\/div>\n<h4><strong>Tag 5: Morro Jable &#8211; noch mehr Strand.<\/strong><\/h4>\n<p>Der letzte Tag unserer Ausflugsreihe war angebrochen und wir starteten gleich nach dem Fr\u00fchst\u00fcck zur S\u00fcdspitze der Insel. Nach ca. eineinhalb Stunden&nbsp;Fahrt kamen wir an unserem Ziel an und parkten gleich bei einem Einkaufszentrum in Strand-n\u00e4he. Auch in <strong>Morro Jable<\/strong> gibt es kilometerweit Sand und klares, t\u00fcrkisfarbenes Wasser wie in der Karibik. Die ganze S\u00fcdk\u00fcste um Jandia ist definitiv einen Strandurlaub wert. Schatten gibt es dort leider keinen aber man kann sich f\u00fcr knapp 5 Euro \u00fcberall einen <strong>Sonnenschirm<\/strong> kaufen.&nbsp;<\/p>\n<div class=\"otw-sc-box bordered bordered\"><div><b>Strandliebhaber aufgepasst:<\/b><a href=\"https:\/\/www.5vorflug.de\/blog\/5vorflug-reisewelt\/europa\/vamos-a-la-playa-die-schoensten-straende-auf-fuerteventura\/\" target=\"_blank\" rel=\"noopener noreferrer\"> Unsere ultimativen Favoriten der sch\u00f6nsten Str\u00e4nde auf Fuerteventura<\/a><\/div><\/div>\n<h4><strong>Tag 6 und 7: Zur\u00fcck in Caleta de Fuste &#8211; Ein Fazit.<\/strong><\/h4>\n<p>Die letzten beiden Tage verbrachten wir wieder in Caleta de Fuste an unserem <strong>Pool<\/strong> und tranken noch einige Cocktails in den umliegenden Bars. Hier haben wir unser Auto wieder abgegeben und anschlie\u00dfend die Reise Revue passieren lassen. Uns hat Fuerteventura wirklich sehr gut gefallen. Die Insel ist einfach immer eine Reise wert und bietet etwas f\u00fcr jeden Geschmack und jeden Urlaubstypen. <strong>Sandstr\u00e4nde<\/strong>, Palmen, gutes Wetter, felsige K\u00fcsten, Sandd\u00fcnen, Gebirge, <strong>Lava-steine<\/strong> und vieles mehr. Hier kann man Wandern, Surfen oder einfach nur am Strand faulenzen.<\/p>\n<p>Ein Auto zu mieten lohnt sich wirklich. So ist man <strong>super flexibel<\/strong> und kann die Insel individuell in eigenem Tempo erkunden.&nbsp;Die Fahrbahnen sind gut ausgebaut und meistens geht es gerade aus, ohne Ampeln und mit wenig Verkehr. Unser kleiner Roadtrip auf Fuerteventura war ein voller Erfolg und ein sch\u00f6nes <strong>Erlebnis<\/strong>.<\/p>\n<p>Ihr wollt noch mehr \u00fcber Fuerteventura wissen? Im Blog haben wir f\u00fcr euch <a href=\"https:\/\/www.5vorflug.de\/blog\/5vorflug-reisewelt\/europa\/fuerteventura-unsere-ausflugstipp\/\">Ausflugstipps<\/a> und die sch\u00f6nsten <a href=\"https:\/\/www.5vorflug.de\/blog\/5vorflug-reisewelt\/europa\/vamos-a-la-playa-die-schoensten-straende-auf-fuerteventura\/\">Str\u00e4nde<\/a>.<br \/>\nUnd hier geht&#8217;s zu den <a href=\"https:\/\/www.5vorflug.de\/angebote\/urlaub-fuerteventura.html\">Fuerteventura Angeboten<\/a>.<\/p>\n<p>Noch mehr Reiseberichte gef\u00e4llig? Im Blog gibt es viele weitere <a href=\"https:\/\/www.5vorflug.de\/blog\/category\/reiseberichte\/\" target=\"_blank\" rel=\"noopener noreferrer\">Geschichten<\/a> unserer Urlauber.<\/p>\n","protected":false},"excerpt":{"rendered":"<p>Fuerteventura &#8211; ein Reiseziel f\u00fcr jeden Typ und f\u00fcr jede Jahreszeit. Auch die kurze Flugzeit von Deutschland aus mit ca. 4 Stunden ist nur ein Argument von vielen, das f\u00fcr die beliebte kanarische Insel spricht. F\u00fcr meine Freundin und mich war Fuerteventura perfekt f\u00fcr einen Kurzurlaub. Um die Insel besonders gut zu erkunden, mieteten wir &#8230;<\/p>\n","protected":false},"author":58,"featured_media":9053,"comment_status":"open","ping_status":"open","sticky":false,"template":"","format":"standard","meta":{"ngg_post_thumbnail":0},"categories":[7,1224],"tags":[1809,295,61],"aioseo_notices":[],"_links":{"self":[{"href":"https:\/\/www.5vorflug.de\/blog\/wp-json\/wp\/v2\/posts\/9017"}],"collection":[{"href":"https:\/\/www.5vorflug.de\/blog\/wp-json\/wp\/v2\/posts"}],"about":[{"href":"https:\/\/www.5vorflug.de\/blog\/wp-json\/wp\/v2\/types\/post"}],"author":[{"embeddable":true,"href":"https:\/\/www.5vorflug.de\/blog\/wp-json\/wp\/v2\/users\/58"}],"replies":[{"embeddable":true,"href":"https:\/\/www.5vorflug.de\/blog\/wp-json\/wp\/v2\/comments?post=9017"}],"version-history":[{"count":25,"href":"https:\/\/www.5vorflug.de\/blog\/wp-json\/wp\/v2\/posts\/9017\/revisions"}],"predecessor-version":[{"id":20916,"href":"https:\/\/www.5vorflug.de\/blog\/wp-json\/wp\/v2\/posts\/9017\/revisions\/20916"}],"wp:featuredmedia":[{"embeddable":true,"href":"https:\/\/www.5vorflug.de\/blog\/wp-json\/wp\/v2\/media\/9053"}],"wp:attachment":[{"href":"https:\/\/www.5vorflug.de\/blog\/wp-json\/wp\/v2\/media?parent=9017"}],"wp:term":[{"taxonomy":"category","embeddable":true,"href":"https:\/\/www.5vorflug.de\/blog\/wp-json\/wp\/v2\/categories?post=9017"},{"taxonomy":"post_tag","embeddable":true,"href":"https:\/\/www.5vorflug.de\/blog\/wp-json\/wp\/v2\/tags?post=9017"}],"curies":[{"name":"wp","href":"https:\/\/api.w.org\/{rel}","templated":true}]}}