{"id":4148,"date":"2015-10-20T17:37:15","date_gmt":"2015-10-20T15:37:15","guid":{"rendered":"http:\/\/www.5vorflug.de\/blog\/?p=4148"},"modified":"2019-10-28T13:03:34","modified_gmt":"2019-10-28T11:03:34","slug":"mallorca-hier-machen-die-promis-urlaub","status":"publish","type":"post","link":"https:\/\/www.5vorflug.de\/blog\/5vorflug-reisewelt\/europa\/mallorca-hier-machen-die-promis-urlaub\/","title":{"rendered":"Mallorca: Hier machen die Promis Urlaub"},"content":{"rendered":"<p><strong>Frederic Chopin, Jules Verne, Audrey Hepburn. Die Liste der prominenten Mallorca Fans reicht weit zur\u00fcck. Und noch immer ist der Deutschen liebste Urlaubsinsel bei Prominenten beliebt. Schauspieler, Moderatoren, Musiker oder Politiker \u2013 sie alle verbringen hier gerne ihre freie Zeit, genie\u00dfen das Meer, die Sonne und das entspannte Flair. Wer sich so alles der Insel tummelt? Wir verraten es euch.<\/strong><\/p>\n<h2>Promis im Westen und S\u00fcdwesten der Insel<\/h2>\n<p>Genau wie alle anderen, sch\u00e4tzen auch die deutschen Promis die gute Flugverbindung zwischen Mallorca und den deutschen Flugh\u00e4fen. Zwei Stunden und ihr seid in der Sonne. Da kann man auch des \u00d6fteren mal hin und herpendeln, zwischen Arbeit in Deutschland und Erholung auf der Insel.<\/p>\n<p>Bei den deutschen Promis beliebt ist vor allem der Westen. Genauer gesagt, die Gegend um Port d\u00b4Andratx oder Camp de Mar. Hier haben zum Beispiel<strong> Claudia Schiffer, Carsten Maschmeyer und Sabine Christiansen<\/strong> ihre Domizile. Auch <strong>Helene Fischer<\/strong> und <strong>Florian Silbereisen<\/strong> haben hier eine Villa erworben.<\/p>\n<p>Viele sind der Insel schon seit Jahrzehnten treu und sch\u00e4tzen vor allem die Ruhe, die sie beim Spazierengehen und Schwimmen in einer der vielen Buchten finden. Und nat\u00fcrlich auch die Annehmlichkeiten des edlen Hafenortes Port d\u00b4Andratx mit seinen vielen Restaurants und Boutiquen. Hier befindet sich der sch\u00f6nste Yachthafen Mallorcas. Bestens geeignet um am Abend zu bummeln, die Schiffe zu betrachten und die Abendsonne zu genie\u00dfen.<\/p>\n<p>Von hier aus lohnt sich auch ein Ausflug nach Dei\u00e0, etwas weiter im Norden. Der K\u00fcnstlerort hat schon seit jeher kreative Menschen angezogen. So wohnten hier unter anderem <strong>Peter Ustinov, Pablo Picasso und Ava Gardner<\/strong>. Und ganz in der N\u00e4he hat ein internationaler Filmstar sein Anwesen. <strong>Michael Douglas<\/strong> verbringt hier seit 25 Jahren seine Ferien. Er mag Mallorca zu jeder Jahreszeit. Von der Mandelbl\u00fcte im Fr\u00fchjahr bis zu den etwas k\u00fchleren Herbsttagen, die zum Wandern in der Sierra Tramuntana einladen.<\/p>\n<p><img decoding=\"async\" loading=\"lazy\" class=\"aligncenter size-full wp-image-6799\" src=\"https:\/\/www.5vorflug.de\/blog\/wp-content\/uploads\/2017\/01\/Mandelbl\u00fcte-Mallorca.jpg\" alt=\"Mandelbluete auf Mallorca in Spanien\" width=\"880\" height=\"500\" srcset=\"https:\/\/www.5vorflug.de\/blog\/wp-content\/uploads\/2017\/01\/Mandelbl\u00fcte-Mallorca.jpg 880w, https:\/\/www.5vorflug.de\/blog\/wp-content\/uploads\/2017\/01\/Mandelbl\u00fcte-Mallorca-300x170.jpg 300w, https:\/\/www.5vorflug.de\/blog\/wp-content\/uploads\/2017\/01\/Mandelbl\u00fcte-Mallorca-768x436.jpg 768w\" sizes=\"(max-width: 880px) 100vw, 880px\" \/><\/p>\n<p>Im S\u00fcdwesten, genauer gesagt in Santa Ponsa, lebt der Schlagers\u00e4nger <strong>J\u00fcrgen Drews<\/strong>. 2011 er\u00f6ffnete er hier sein Bistro \u201eK\u00f6nig von Mallorca\u201c. Vielleicht trifft er ja ab und zu seinen Schlagerkollegen <strong>Costa Cordalis<\/strong>, der mit seiner Familie ebenfalls hier lebt.<\/p>\n<p>Der Schauspieler<strong> Til Schweiger<\/strong> besitzt seit 2013 eine Finca in Establiments, n\u00f6rdlich von Palma. Ein ruhiger Ort, der aber gut liegt. Von hier aus ist man schnell in Palma zum Shoppen, Baden oder Ausgehen. Wer hier wohnt und es ruhiger mag kann einfach die H\u00fcgel und T\u00e4ler der Umgebung erkunden und die Natur genie\u00dfen.<\/p>\n<div class=\"otw-sc-box bordered bordered\"><div><strong>Auch interessant:<\/strong> <a href=\"https:\/\/www.5vorflug.de\/blog\/5vorflug-reisewelt\/europa\/mini-guide-mallorca-urlaub\/\" target=\"_blank\" rel=\"noopener noreferrer\">Unser Mallorca-Urlaubsguide<\/a><\/div><\/div>\n<h2>Promis im Norden und Osten Mallorcas<\/h2>\n<p>Fast schon ein Mallorquiner ist der Musiker <strong>Peter Maffay<\/strong>. Er ist seit Jahrzehnten auf der Insel, betreibt in der N\u00e4he von Pollenca, im Nordosten, einen Bio Bauernhof. Die Finca Can Sureda. Hier findet man ihn in seinem Olivenhain oder im Weinberg. Er und sein Team bauen vieles selbst an: Oliven, Wein, Gem\u00fcse \u2013 das Angebot ist vielf\u00e4ltig. Auf dem nahegelegenen Wochenmarkt in Pollenca kann man die Erzeugnisse kaufen.<\/p>\n<p>Pollenca selbst ist ein alter Ort mit den typischen engen Gassen. Wer den Kreuzberg bis zur kleinen Kapelle hinauf steigt, wird mit einem herrlichen Blick in die Umgebung belohnt. Ob <strong>Frank Elstner<\/strong> auch schon da war? Der hat n\u00e4mlich ebenfalls ein Anwesen bei Pollenca.<\/p>\n<div class=\"otw-sc-box bordered bordered\"><div><strong>Unser Lesetipp: <\/strong><a href=\"https:\/\/www.5vorflug.de\/blog\/5vorflug-reisewelt\/europa\/vamos-a-la-playa-mallorcas-straende\/\" target=\"_blank\" rel=\"noopener noreferrer\">Das sind die sch\u00f6nsten Str\u00e4nde auf Mallorca<\/a><\/div><\/div>\n<p>Wer <strong>Dieter Bohlen<\/strong> am Strand sehen m\u00f6chte, der sollte in den Osten der Insel kommen. Seit einigen Jahren besitzt der Poptitan eine Ferienwohnung im Ortszentrum von Cala Ratjada. Mitten im Trubel. Dort geht er zum Baden an den Strand oder besucht eines der vielen Restaurants.<\/p>\n<p><img decoding=\"async\" loading=\"lazy\" class=\"aligncenter size-full wp-image-4153\" src=\"https:\/\/www.5vorflug.de\/blog\/wp-content\/uploads\/2015\/10\/Cala_Ratjada_shutterstock_48505978.jpg\" alt=\"Cala Ratjada auf Mallorca in Spanien\" width=\"1000\" height=\"667\" srcset=\"https:\/\/www.5vorflug.de\/blog\/wp-content\/uploads\/2015\/10\/Cala_Ratjada_shutterstock_48505978.jpg 1000w, https:\/\/www.5vorflug.de\/blog\/wp-content\/uploads\/2015\/10\/Cala_Ratjada_shutterstock_48505978-300x200.jpg 300w\" sizes=\"(max-width: 1000px) 100vw, 1000px\" \/><\/p>\n<p>Etwas weiter im Land liegt der Ort Art\u00e0. Hier hat ein prominenter \u00d6sterreicher seinen Urlaubs Wohnsitz. Der Liedermacher <strong>Rainhard Fendrich<\/strong> sch\u00e4tzt die Ruhe in seinem Domizil, wo er oft mehrere Monate am St\u00fcck mit seiner Familie verbringt. \u00dcber der Kleinstadt thronen auf dem Berg San Salvador weithin sichtbar eine Kirche und eine Festung. Massentourismus gibt es hier nicht, alles ist noch urspr\u00fcnglicher und traditioneller als im Westen der Insel.<\/p>\n<div class=\"otw-sc-box bordered bordered\"><div><strong>Ihr wollt selbst Urlaub machen wie die Promis auf Mallorca?<\/strong><a href=\"https:\/\/www.5vorflug.de\/destinationen\/lastminute-mallorca.html\" target=\"_blank\" rel=\"noopener noreferrer\"> Auf 5vorFlug.de findet ihr viele passende Angebote f\u00fcr Mallorca!<\/a><\/div><\/div>\n","protected":false},"excerpt":{"rendered":"<p>Frederic Chopin, Jules Verne, Audrey Hepburn. Die Liste der prominenten Mallorca Fans reicht weit zur\u00fcck. Und noch immer ist der Deutschen liebste Urlaubsinsel bei Prominenten beliebt. Schauspieler, Moderatoren, Musiker oder Politiker \u2013 sie alle verbringen hier gerne ihre freie Zeit, genie\u00dfen das Meer, die Sonne und das entspannte Flair. Wer sich so alles der Insel &#8230;<\/p>\n","protected":false},"author":58,"featured_media":13526,"comment_status":"open","ping_status":"open","sticky":false,"template":"","format":"standard","meta":{"ngg_post_thumbnail":0},"categories":[74,7],"tags":[1258,284,61],"aioseo_notices":[],"_links":{"self":[{"href":"https:\/\/www.5vorflug.de\/blog\/wp-json\/wp\/v2\/posts\/4148"}],"collection":[{"href":"https:\/\/www.5vorflug.de\/blog\/wp-json\/wp\/v2\/posts"}],"about":[{"href":"https:\/\/www.5vorflug.de\/blog\/wp-json\/wp\/v2\/types\/post"}],"author":[{"embeddable":true,"href":"https:\/\/www.5vorflug.de\/blog\/wp-json\/wp\/v2\/users\/58"}],"replies":[{"embeddable":true,"href":"https:\/\/www.5vorflug.de\/blog\/wp-json\/wp\/v2\/comments?post=4148"}],"version-history":[{"count":11,"href":"https:\/\/www.5vorflug.de\/blog\/wp-json\/wp\/v2\/posts\/4148\/revisions"}],"predecessor-version":[{"id":19011,"href":"https:\/\/www.5vorflug.de\/blog\/wp-json\/wp\/v2\/posts\/4148\/revisions\/19011"}],"wp:featuredmedia":[{"embeddable":true,"href":"https:\/\/www.5vorflug.de\/blog\/wp-json\/wp\/v2\/media\/13526"}],"wp:attachment":[{"href":"https:\/\/www.5vorflug.de\/blog\/wp-json\/wp\/v2\/media?parent=4148"}],"wp:term":[{"taxonomy":"category","embeddable":true,"href":"https:\/\/www.5vorflug.de\/blog\/wp-json\/wp\/v2\/categories?post=4148"},{"taxonomy":"post_tag","embeddable":true,"href":"https:\/\/www.5vorflug.de\/blog\/wp-json\/wp\/v2\/tags?post=4148"}],"curies":[{"name":"wp","href":"https:\/\/api.w.org\/{rel}","templated":true}]}}