{"id":3321,"date":"2015-02-03T08:00:06","date_gmt":"2015-02-03T06:00:06","guid":{"rendered":"http:\/\/blog.5vorflug.de\/?p=3321"},"modified":"2019-07-30T16:45:36","modified_gmt":"2019-07-30T14:45:36","slug":"die-schoensten-staedtereisen-im-fruehling","status":"publish","type":"post","link":"https:\/\/www.5vorflug.de\/blog\/5vorflug-reisewelt\/europa\/die-schoensten-staedtereisen-im-fruehling\/","title":{"rendered":"Die sch\u00f6nsten St\u00e4dtereisen im Fr\u00fchling"},"content":{"rendered":"<p><strong>Es gr\u00fcnt und bl\u00fcht wieder! Endlich ist es nicht mehr so grau drau\u00dfen. Der Fr\u00fchling ist eine tolle Jahreszeit f\u00fcr einen St\u00e4dtetrip. Das Wetter ist ideal zum Herumlaufen, die Museen sind noch nicht \u00fcberf\u00fcllt. Entlang der Stra\u00dfen und in den Parks bl\u00fcht es kr\u00e4ftig. Macht doch einen sch\u00f6nen Wochenendtrip. Trinkt Kaffee in der Sonne und genie\u00dft, dass die dunkle Jahreszeit vorbei ist. Wir sagen euch, wo das hervorragend funktioniert: <\/strong><\/p>\n<h2><strong>Balearen: Fr\u00fchlingreise nach Palma de Mallorca<br \/>\n<\/strong><\/h2>\n<p>Nur zwei Stunden im Flugzeug und ihr kommt vom Matschwetter in den Fr\u00fchling. <a href=\"https:\/\/www.5vorflug.de\/specials\/mandelbluete.html\" target=\"_blank\" rel=\"noopener noreferrer\"><strong>Mallorca<\/strong> ist zur <strong>Mandelbl\u00fcte<\/strong> <\/a>besonders sch\u00f6n. Euer Startpunkt k\u00f6nnte Palma de Mallorca sein, die Inselhauptstadt. Es sind noch nicht so viele Touristen wie im Sommer unterwegs, so dass ihr in aller Ruhe herumschlendern k\u00f6nnt, die Kathedrale la Seu besichtigen oder einfach durch die Altstadt bummeln. Auch zum Shoppen gibt es viele Gelegenheiten. Aber wartet nicht zu lange. Die Mandelb\u00e4ume bl\u00fchen am Sch\u00f6nsten zwischen Mitte Januar und M\u00e4rz.<\/p>\n<h2><strong>Kroatien: St\u00e4dtetrip Zadar<br \/>\n<\/strong><\/h2>\n<p>In Kroatien ist der Fr\u00fchling richtig sch\u00f6n lang. Und die Temperaturen klettern auf bis zu 20 Grad. Ideal f\u00fcr Wandertouren in die bl\u00fchenden <strong>Nationalparks<\/strong>. Erkundet doch mal den Nationalpark Vraba See oder den Nationalpark Velebit. Ausgangspunkt k\u00f6nnte die Hafenstadt <strong>Zadar<\/strong> sein. Auch hier gibt es viel Sehenswertes. Zum Beispiel die Altstadt mit der alten Festungsmauer. Oder besucht die Meeresorgel an der Uferpromenade. Ein fr\u00fchlingshafter musikalischer Gru\u00df!<\/p>\n<h2><strong>Holland: Tulpenbl\u00fcte in Amsterdam<br \/>\n<\/strong><\/h2>\n<p>Holland ist das Land der Tulpen. Vor allem Anfang April bl\u00fchen sie hier, was das Zeug h\u00e4lt. Zum Beispiel im <strong>Vondelpark<\/strong>, in der <strong>Amsterdamer<\/strong> Innenstadt. Wer wirklich riesige Blumenfelder sehen will, macht einen Ausflug in das Tulpenmekka Keukenhof. Hier stehen <strong>Tulpen<\/strong>, soweit das Auge reicht. Auch sonst ist Amsterdam im Fr\u00fchling sch\u00f6n. Es macht Spa\u00df, mit dem Fahrrad durch die Stadt zu sausen. Und eine Bootsfahrt auf den Grachten ist ein Muss. Immerhin hat Amsterdam ebenso viele Wasserstra\u00dfen wie Venedig. Tulpen zum Mitnehmen gibt es auf dem Albert-Cuyp Markt, dem ber\u00fchmtesten Stra\u00dfenmarkt der Stadt. Hier geht&#8217;s zu unseren <a href=\"https:\/\/www.5vorflug.de\/staedtereisen\/staedtereisen-amsterdam.html?cm_ven=Media&amp;cm_cat=SocialMedia&amp;cm_pla=Facebook&amp;cm_ite=blog_5vf_fr\u00fchlingst\u00e4dte_6 \" target=\"_blank\" rel=\"noopener noreferrer\">Amsterdam-Angeboten.<\/a><\/p>\n<div id=\"attachment_3325\" style=\"width: 641px\" class=\"wp-caption alignnone\"><img aria-describedby=\"caption-attachment-3325\" decoding=\"async\" loading=\"lazy\" class=\"size-full wp-image-3325\" src=\"https:\/\/www.5vorflug.de\/blog\/wp-content\/uploads\/2015\/01\/shutterstock_111455999-e1421406053291.jpg\" alt=\"Bl\u00fchende Tulpen in Holland\" width=\"631\" height=\"400\" srcset=\"https:\/\/www.5vorflug.de\/blog\/wp-content\/uploads\/2015\/01\/shutterstock_111455999-e1421406053291.jpg 631w, https:\/\/www.5vorflug.de\/blog\/wp-content\/uploads\/2015\/01\/shutterstock_111455999-e1421406053291-300x190.jpg 300w\" sizes=\"(max-width: 631px) 100vw, 631px\" \/><p id=\"caption-attachment-3325\" class=\"wp-caption-text\">Bl\u00fchende Tulpen in Holland<\/p><\/div>\n<h2><strong>Spanien: Orangenbl\u00fcte in Sevilla<br \/>\n<\/strong><\/h2>\n<p>Die <strong>Orangenb\u00e4ume<\/strong> sind das Wahrzeichen <strong>Sevillas<\/strong>. Im Fr\u00fchjahr bl\u00fchen sie wei\u00df und schm\u00fccken die Pl\u00e4tze und Stra\u00dfen in der Stadt. Genie\u00dft den Anblick beim ersten Kaffee des Jahres drau\u00dfen. Aber passt auf eure Kaffeetassen auf \u2013 sonst habt ihr Orangenbl\u00fcte-Kaffee, wenn mal eine heruntersegelt. Und was kann man au\u00dfer Kaffeetrinken machen? Zum Beispiel zum Flamenco im Triana Viertel gehen, leckere Tapas essen, oder die Altstadt bewundern.<\/p>\n<h2><strong>D\u00e4nemark: Kurzurlaub in Kopenhagen<br \/>\n<\/strong><\/h2>\n<p><strong>Kopenhagen<\/strong> ist im Trend. Kein Wunder, die Stadt ist wundersch\u00f6n und hat viel zu bieten. Besucht unbedingt das Viertel Nyhavn mit seinen farbigen H\u00e4usern und den wundersch\u00f6nen Grachten. Und das Schloss Amalienborg. In den tollen Parkanlagen, wie zum Beispiel in <strong>Kongens Have<\/strong>, bl\u00fchen die Pflanzen um die Wette. Ein Tipp: Der Mai ist prima Reisezeit f\u00fcr Kopenhagen. Da regnet es so gut wie gar nicht.<\/p>\n<p><strong>Wohin geht euer St\u00e4dtetrip 2015? Hier geht&#8217;s zu allen <a href=\"https:\/\/www.5vorflug.de\/staedtereisen.html\" target=\"_blank\" rel=\"noopener noreferrer\">5vorflug St\u00e4dtereise-Angeboten.<\/a><br \/>\n<\/strong><\/p>\n","protected":false},"excerpt":{"rendered":"<p>Es gr\u00fcnt und bl\u00fcht wieder! Endlich ist es nicht mehr so grau drau\u00dfen. Der Fr\u00fchling ist eine tolle Jahreszeit f\u00fcr einen St\u00e4dtetrip. Das Wetter ist ideal zum Herumlaufen, die Museen sind noch nicht \u00fcberf\u00fcllt. Entlang der Stra\u00dfen und in den Parks bl\u00fcht es kr\u00e4ftig. Macht doch einen sch\u00f6nen Wochenendtrip. Trinkt Kaffee in der Sonne und &#8230;<\/p>\n","protected":false},"author":58,"featured_media":3326,"comment_status":"closed","ping_status":"open","sticky":false,"template":"","format":"standard","meta":{"ngg_post_thumbnail":0},"categories":[74,7,1065],"tags":[1560,1494],"aioseo_notices":[],"_links":{"self":[{"href":"https:\/\/www.5vorflug.de\/blog\/wp-json\/wp\/v2\/posts\/3321"}],"collection":[{"href":"https:\/\/www.5vorflug.de\/blog\/wp-json\/wp\/v2\/posts"}],"about":[{"href":"https:\/\/www.5vorflug.de\/blog\/wp-json\/wp\/v2\/types\/post"}],"author":[{"embeddable":true,"href":"https:\/\/www.5vorflug.de\/blog\/wp-json\/wp\/v2\/users\/58"}],"replies":[{"embeddable":true,"href":"https:\/\/www.5vorflug.de\/blog\/wp-json\/wp\/v2\/comments?post=3321"}],"version-history":[{"count":7,"href":"https:\/\/www.5vorflug.de\/blog\/wp-json\/wp\/v2\/posts\/3321\/revisions"}],"predecessor-version":[{"id":17815,"href":"https:\/\/www.5vorflug.de\/blog\/wp-json\/wp\/v2\/posts\/3321\/revisions\/17815"}],"wp:featuredmedia":[{"embeddable":true,"href":"https:\/\/www.5vorflug.de\/blog\/wp-json\/wp\/v2\/media\/3326"}],"wp:attachment":[{"href":"https:\/\/www.5vorflug.de\/blog\/wp-json\/wp\/v2\/media?parent=3321"}],"wp:term":[{"taxonomy":"category","embeddable":true,"href":"https:\/\/www.5vorflug.de\/blog\/wp-json\/wp\/v2\/categories?post=3321"},{"taxonomy":"post_tag","embeddable":true,"href":"https:\/\/www.5vorflug.de\/blog\/wp-json\/wp\/v2\/tags?post=3321"}],"curies":[{"name":"wp","href":"https:\/\/api.w.org\/{rel}","templated":true}]}}