{"id":20625,"date":"2020-09-04T12:03:47","date_gmt":"2020-09-04T10:03:47","guid":{"rendered":"https:\/\/www.5vorflug.de\/blog\/?p=20625"},"modified":"2021-03-04T09:12:42","modified_gmt":"2021-03-04T07:12:42","slug":"sehenswuerdigkeiten-bodensee","status":"publish","type":"post","link":"https:\/\/www.5vorflug.de\/blog\/5vorflug-reisewelt\/europa\/sehenswuerdigkeiten-bodensee\/","title":{"rendered":"Das sind die Top Sehensw\u00fcrdigkeiten rund um den Bodensee"},"content":{"rendered":"<p><strong>Deutschland und seine Urlaubsregionen sind ja gerade richtig hipp. Viele von uns haben schon die ganze Welt gesehen, aber unser Heimatland kennen wir fast gar nicht. Wir stellen euch die Sehensw\u00fcrdigkeiten einer der sch\u00f6nsten Regionen Deutschlands vor. Ihr werdet \u00fcberrascht sein, was man am Bodensee so alles entdecken kann.<\/strong><\/p>\n<p>Das Schw\u00e4bische Meer ist Deutschlands gr\u00f6\u00dfter Binnensee. Es besteht eigentlich aus zwei Seen und den sie verbindenden Fluss. Drei L\u00e4nder teilen sich das Seeufer: <strong>Deutschland, Schweiz und \u00d6sterreich<\/strong>. W\u00e4hrend im Untersee die Grenze klar definiert ist, wei\u00df man auf dem Obersee nicht immer so genau, in welchem Land man sich gerade befindet. Die Region ist bekannt f\u00fcr gro\u00dfe Obstplantagen und eine wundersch\u00f6ne h\u00fcgelige <strong>Voralpenlandschaft<\/strong>. Ideal f\u00fcr Wanderungen und Radtouren. Aber nicht nur. Wir zeigen euch die spannendsten Sehensw\u00fcrdigkeiten.<\/p>\n<p>Bevor wir euch aber die einzelnen Highlights vorstellen, m\u00f6chten wir euch noch einen Tipp an die Hand geben, mit dem ihr euer Urlaubsbudget entlastet: Wenn ihr einen Urlaub am Bodensee plant, solltet ihr euch unbedingt die <strong>Bodensee Card Plus<\/strong> besorgen. Mit der habt ihr an drei bzw. sieben Tagen kostenlosen Zugang zu 160 Attraktionen rund um den See. Oftmals erhaltet ihr mit der Card auch bevorzugten Eintritt und umgeht so Warteschlangen. Neben den meisten Sehensw\u00fcrdigkeiten, die wir euch im Folgenden beschreiben, k\u00f6nnt ihr damit au\u00dferdem die Kursschiffe auf dem See nutzen sowie weitere Rund- und Themenfahrten auf dem Bodensee.<\/p>\n<p style=\"text-align: center;\"><iframe loading=\"lazy\" src=\"https:\/\/www.google.com\/maps\/d\/u\/0\/embed?mid=1bqJhKagz5AJE5czkodC1q2OJoEKGIwQ2\" width=\"640\" height=\"480\"><\/iframe><br \/>\n<div class=\"otw-sc-box bordered bordered\"><div><a href=\"https:\/\/www.5vorflug.de\/angebote\/urlaub-bodensee.html\" target=\"_blank\" rel=\"noopener noreferrer\"><b>Unsere Urlaubsangebote f\u00fcr den Bodensee findet ihr auf 5vorFlug.de<\/b><\/a><\/div><\/div>\n<h2>1. Insel Mainau \u2013 die Blumeninsel der Grafen Bernadotte<\/h2>\n<p>Die Insel am Eingang des \u00dcberlinger Sees geh\u00f6rt offiziell zur Gemeinde Konstanz. Aufgrund ihrer Lage herrscht hier ein sehr mildes Mikroklima. Sie ist im Besitz der \u201eLennart-Bernadotte-Stiftung\u201c und die Grafenfamilie&nbsp; Bernadotte, die mit dem schwedischen K\u00f6nigshaus verwandt ist, lebt noch heute auf ihr. Sie sind es auch, die den Grundstein f\u00fcr die einzigartigen G\u00e4rten gelegt haben und daf\u00fcr sorgten, dass die Mainau den Namen <strong>Blumeninsel<\/strong> erhielt.<\/p>\n<p>Je nach Jahreszeit bl\u00fcht es gerade in einem anderen Bereich des weitl\u00e4ufigen Gel\u00e4ndes. Im M\u00e4rz er\u00f6ffnen Krokusse, Narzissen und Tulpen den Bl\u00fctenreigen. Etwa ab Ende Mai stehen die <strong>12.000 Rosenb\u00fcsche<\/strong> in voller Bl\u00fcte und im Herbst z\u00fcnden ebenso viele Dahlien ein pr\u00e4chtiges Farbenfeuerwerk. Erg\u00e4nzt wird das Spektakel mit einem mediterranen Garten und einem <strong>Hortensienweg<\/strong>.<\/p>\n<p>Zweimal im Jahr l\u00e4dt die Grafenfamilie zu Feiern ein. Das Inselfest steht unter dem Motto \u201eBummeln, Einkaufen, Genie\u00dfen\u201c und das Schlossfest unter dem Motto \u201eNoblesse Oblige\u201c. &nbsp;<\/p>\n<p><img decoding=\"async\" loading=\"lazy\" class=\"aligncenter size-full wp-image-20744\" src=\"https:\/\/www.5vorflug.de\/blog\/wp-content\/uploads\/2020\/08\/Mainau-am-Bodensee-in-Deutschland.jpg\" alt=\"Mainau am Bodensee in Deutschland\" width=\"880\" height=\"450\" srcset=\"https:\/\/www.5vorflug.de\/blog\/wp-content\/uploads\/2020\/08\/Mainau-am-Bodensee-in-Deutschland.jpg 880w, https:\/\/www.5vorflug.de\/blog\/wp-content\/uploads\/2020\/08\/Mainau-am-Bodensee-in-Deutschland-300x153.jpg 300w, https:\/\/www.5vorflug.de\/blog\/wp-content\/uploads\/2020\/08\/Mainau-am-Bodensee-in-Deutschland-768x393.jpg 768w\" sizes=\"(max-width: 880px) 100vw, 880px\" \/><\/p>\n<p>Sollte das Wetter mal nicht so toll sein, besucht ihr das <strong>Palmen- und das Schmetterlingshaus<\/strong>. Letzteres bietet 120 verschiedenen Schmetterlingen aus Afrika, Asien sowie Mittel- und S\u00fcdamerika ein zu Hause.<\/p>\n<p>Auch im Winter erwartet euch ein Highlight. In der Weihnachtszeit findet im Schlosshof der <strong>\u201eSkandinavische Winterzauber\u201c<\/strong> mit Gl\u00f6gg und Pepparkakor statt. Ein etwas anderer Weihnachtsmarkt.<\/p>\n<p><strong>\u00d6ffnungszeiten:<\/strong> t\u00e4glich 09.00 Uhr&nbsp; &#8211; 19.00 Uhr, Schmetterlingshaus 10.00 Uhr \u2013 17.00 Uhr<\/p>\n<p><strong>Eintrittspreis:<\/strong> Erwachsene 22 Euro, Kinder bis 12 gratis, F\u00fcr Inhaber der Bodensee Card Plus ist der Zutritt inklusive.<\/p>\n<h2>2. Pfahlbaumuseum \u2013 eine Reise in die Steinzeit<\/h2>\n<p>Ok. Die Feuersteins trefft ihr hier nicht, aber ihr bekommt einen Einblick in das Leben der Zeit, in der die Zeichentrickfiguren Fred und Wilma auf diesem Planeten weilten. Im<strong> \u00e4ltesten Freilichtmuseum Deutschlands<\/strong> reist ihr etwa 10.000 Jahre zur\u00fcck in der Zeitrechnung.<\/p>\n<p>Die Bauten sind Teil des <strong>UNESCO-Weltkulturerbes<\/strong>. Ohne Sauerstoff \u00fcberlebten im Schlamm des Sees die Reste dieser Siedlungen so gut, dass es f\u00fcr die Forscher relativ einfach war die D\u00f6rfer, die bis in eine Zeit um <strong>3.900 vor Christus<\/strong> zur\u00fcckreichen, nachzubauen.<\/p>\n<p><img decoding=\"async\" loading=\"lazy\" class=\"aligncenter size-full wp-image-20739\" src=\"https:\/\/www.5vorflug.de\/blog\/wp-content\/uploads\/2020\/08\/Pfahlbaumuseum-am-Bodensee-in-Deutschland.jpg\" alt=\"Pfahlbaumuseum am Bodensee\" width=\"880\" height=\"450\" srcset=\"https:\/\/www.5vorflug.de\/blog\/wp-content\/uploads\/2020\/08\/Pfahlbaumuseum-am-Bodensee-in-Deutschland.jpg 880w, https:\/\/www.5vorflug.de\/blog\/wp-content\/uploads\/2020\/08\/Pfahlbaumuseum-am-Bodensee-in-Deutschland-300x153.jpg 300w, https:\/\/www.5vorflug.de\/blog\/wp-content\/uploads\/2020\/08\/Pfahlbaumuseum-am-Bodensee-in-Deutschland-768x393.jpg 768w\" sizes=\"(max-width: 880px) 100vw, 880px\" \/><\/p>\n<p>Bei einem Rundgang, f\u00fcr den ihr mindestens 45 Minuten einplanen solltet, startet ihr in einem Uferwald, in dem die Pflanzen aus der Steinzeit wachsen. Danach kommt ihr zum Steinzeitdorf wo ihr seht, wie die Menschen lebten, nachdem sie die H\u00f6hlen verlassen haben.<\/p>\n<p>Weiter geht es zu den <strong>Pfahlbauten auf dem Wasser<\/strong>, die in der Bronzezeit entstanden um schlie\u00dflich an Land wieder in der heutigen Zeit zu landen. Unterwegs erkl\u00e4ren euch Schautafeln, was ihr gerade seht. Ihr k\u00f6nnt aber auch einen gedruckten Guide kaufen, dann habt ihr gleichzeitig noch ein sch\u00f6nes Souvenir.<\/p>\n<p><strong>\u00d6ffnungszeiten: <\/strong>Mai \u2013 04.10.20: t\u00e4glich von 10.00 Uhr \u2013 18.00 Uhr; 04.10. \u2013 01.11.20: t\u00e4glich von 10.00 Uhr \u2013 17.30 Uhr<\/p>\n<p><strong>Eintrittspreise: <\/strong>Erwachsene: 10 Euro, Kinder bis 4: gratis, Kinder von 5-15: 6 Euro, f\u00fcr Inhaber der Bodensee Card Plus ist der Zutritt inklusive.<\/p>\n<div class=\"otw-sc-box bordered bordered\"><div><b>Auch interessant: <\/b><a href=\"https:\/\/www.5vorflug.de\/blog\/5vorflug-reisewelt\/europa\/urlaub-mit-dem-auto-die-schoensten-reiseziele-fuer-euren-urlaub\/\" target=\"_blank\" rel=\"noopener noreferrer\">Urlaub mit dem Auto &#8211; Das sind die sch\u00f6nsten Reiseziele<\/a><\/div><\/div>\n<h2>3. Schloss Salem \u2013 ein barockes Kloster, das Schule macht<\/h2>\n<p>Urspr\u00fcnglich war Salem das <strong>\u00e4lteste Zisterzienserkloster und die reichste Abtei am Bodensee<\/strong>. Davon zeugt die Kirche, die ab dem sp\u00e4ten 13. Jahrhundert im <strong>gotischen Stil<\/strong> errichtet wurde. Anfang des 18. Jahrhunderts wurden dann die Klosterbauten im barocken Stil neu erbaut und die ber\u00fchmtesten K\u00fcnstler der damaligen Zeit arbeiteten 100 Jahre lang an der Ausgestaltung des Klosters. Entsprechend prunkvoll ist das, was ihr heute zu sehen bekommt.<\/p>\n<p><img decoding=\"async\" loading=\"lazy\" class=\"aligncenter size-full wp-image-20740\" src=\"https:\/\/www.5vorflug.de\/blog\/wp-content\/uploads\/2020\/08\/Schloss-Salem-am-Bodensee-in-\u00d6sterreich.jpg\" alt=\"Schloss Salem am Bodensee\" width=\"880\" height=\"450\" srcset=\"https:\/\/www.5vorflug.de\/blog\/wp-content\/uploads\/2020\/08\/Schloss-Salem-am-Bodensee-in-\u00d6sterreich.jpg 880w, https:\/\/www.5vorflug.de\/blog\/wp-content\/uploads\/2020\/08\/Schloss-Salem-am-Bodensee-in-\u00d6sterreich-300x153.jpg 300w, https:\/\/www.5vorflug.de\/blog\/wp-content\/uploads\/2020\/08\/Schloss-Salem-am-Bodensee-in-\u00d6sterreich-768x393.jpg 768w\" sizes=\"(max-width: 880px) 100vw, 880px\" \/><\/p>\n<p>Durch harte landwirtschaftliche Arbeit gelangten die M\u00f6nche zu sagenhaftem Reichtum. Nachdem das Kloster im 19. Jahrhundert aufgel\u00f6st wurde, kam Salem in den Besitz der Markgrafen von Baden, die hier ihren Wohnsitz einrichteten.<\/p>\n<p>Diese waren es auch, die nach dem ersten Weltkrieg das<strong> elit\u00e4re Internat<\/strong> gr\u00fcndeten, das bis heute hier ans\u00e4ssig ist. Bei eurem Besuch unternehmt ihr eine Reise durch 900 Jahre Geschichte und erfahrt unter anderem, warum es im Weinkeller spukt. Und nach dem Rundgang durch das <strong>Weingut der Markgrafen von Baden<\/strong> d\u00fcrft ihr den f\u00fcrstlichen Wein nat\u00fcrlich selbst verkosten.<\/p>\n<p>\u00d6ffnungszeiten: 01.04. \u2013 01.11.: Montag&nbsp; &#8211; Samstag: 09.30 Uhr \u2013 18.00 Uhr, Sonntag &amp; Feiertag: 10.30 Uhr \u2013 18.00 Uhr; 02.11. \u2013 31.03.: Nur im Rahmen der sonnt\u00e4glichen F\u00fchrungen<\/p>\n<p><strong>Eintrittspreis:<\/strong> Erwachsene: 9 Euro, Erm\u00e4\u00dfigt: 4,50 Euro, F\u00fcr Inhaber der Bodensee Card Plus ist der Zutritt inklusive.<\/p>\n<h2>4. Affenberg Salem \u2013 ein tierisches Vergn\u00fcgen<\/h2>\n<p>Wir wissen, nicht was f\u00fcr einen Affenzirkus die M\u00f6nche im Kloster auff\u00fchrten, aber vier Kilometer entfernt von Kloster und Schluss k\u00f6nnt ihr euch \u201ethe real thing\u201c anschauen. Seit 1976 leben hier in einem etwa 20 Hektar gro\u00dfen Waldst\u00fcck <strong>knapp 200 Berberaffen<\/strong> mehr oder weniger in freier Wildbahn.<\/p>\n<p>Die kleinen \u00c4ffchen sind sehr aufgeweckt und immer f\u00fcr einen Spa\u00df zu haben. Vor allem, wenn ihr am Eingang eine T\u00fcte Popcorn f\u00fcr die Tiere gekauft habt. Das wird ein Riesenspa\u00df nicht nur f\u00fcr eure Kids.<\/p>\n<p><img decoding=\"async\" loading=\"lazy\" class=\"aligncenter size-full wp-image-17727\" src=\"https:\/\/www.5vorflug.de\/blog\/wp-content\/uploads\/2019\/07\/Affen-in-Gambia.jpg\" alt=\"Affen im Baum in Gambia\" width=\"880\" height=\"450\" srcset=\"https:\/\/www.5vorflug.de\/blog\/wp-content\/uploads\/2019\/07\/Affen-in-Gambia.jpg 880w, https:\/\/www.5vorflug.de\/blog\/wp-content\/uploads\/2019\/07\/Affen-in-Gambia-300x153.jpg 300w, https:\/\/www.5vorflug.de\/blog\/wp-content\/uploads\/2019\/07\/Affen-in-Gambia-768x393.jpg 768w\" sizes=\"(max-width: 880px) 100vw, 880px\" \/><\/p>\n<p>Neben den exotischen Affen gibt es aber noch andere Tiere zu bewundern. Rund um den <strong>Storchenweiher<\/strong> lebt die gr\u00f6\u00dfte frei fliegende Storchenkolonie S\u00fcddeutschlands. Etwa 50 Storchenpaare ziehen hier ihren Nachwuchs gro\u00df. Sollte gerade keiner anwesend sein, verteilen die mal wieder die Babys.<\/p>\n<p>Das war dann aber immer noch nicht alles. Eine ganze Herde <strong>Damhirsche<\/strong> zieht hier durch den Wald. Und da ihr vom Popcorn ja nix abkriegt, k\u00f6nnt ihr euch im <strong>Biergarten<\/strong> der Affenberg-Schenke mit Abenteuerspielplatz selbst st\u00e4rken. Wird schwierig werden, die Kids nach dem Besuch wieder in euer Auto zu bringen.<\/p>\n<p><strong>\u00d6ffnungszeiten:<\/strong> 25.05. \u2013 25.10.2020: 09.00 Uhr \u2013 18.00 Uhr; 26.10. \u2013 01.11.2020: 09.00 Uhr \u2013 17.00 Uhr, Im Winter ist der Park geschlossen<\/p>\n<p><strong>Eintrittspreis:<\/strong> Erwachsene: 9 Euro, Kinder unter 6: gratis, Kinder 6-15: 6 Euro, f\u00fcr Inhaber der Bodensee Card Plus ist der Zutritt inklusive.<\/p>\n<h2>5. S\u00e4ntis \u2013 weithin sichtbarer Aussichtsberg<\/h2>\n<p>Von den H\u00f6hen am Nordufer des Bodensees habt ihr an klaren Tagen einen Blick auf diesen markanten Berg. Er ist <strong>Teil des Alpstein-Massivs<\/strong>, das den Alpen vorgelagert ist. Ihr erreicht ihn wenn ihr von St. Gallen aus zur Schw\u00e4galp fahrt.<\/p>\n<p>Um auf den <strong>knapp \u00fcber 2500 Meter hohen Gipfel<\/strong> zu gelangen, gibt es zwei M\u00f6glichkeiten. Entweder ihr sucht die Herausforderung und erklimmt den Berg bei einer fordernden Wanderung, die etwas Kondition und Erfahrung erfordert, oder aber ihr nehmt die gem\u00fctliche Variante und schwebt mit der <strong>Bergbahn<\/strong> nach oben. Dies Fahrt dauert nur 10 Minuten und dabei \u00fcberwindet ihr \u00fcber 1100 H\u00f6henmeter.<\/p>\n<p><img decoding=\"async\" loading=\"lazy\" class=\"aligncenter size-full wp-image-20735\" src=\"https:\/\/www.5vorflug.de\/blog\/wp-content\/uploads\/2020\/08\/Berg-S\u00e4ntis-am-Bodensee-in-Deutschland.jpg\" alt=\"Berg S\u00e4ntis am Bodensee\" width=\"880\" height=\"450\" srcset=\"https:\/\/www.5vorflug.de\/blog\/wp-content\/uploads\/2020\/08\/Berg-S\u00e4ntis-am-Bodensee-in-Deutschland.jpg 880w, https:\/\/www.5vorflug.de\/blog\/wp-content\/uploads\/2020\/08\/Berg-S\u00e4ntis-am-Bodensee-in-Deutschland-300x153.jpg 300w, https:\/\/www.5vorflug.de\/blog\/wp-content\/uploads\/2020\/08\/Berg-S\u00e4ntis-am-Bodensee-in-Deutschland-768x393.jpg 768w\" sizes=\"(max-width: 880px) 100vw, 880px\" \/><\/p>\n<p>Belohnt werdet ihr mit einem<strong> grandiosen Ausblick auf bis zu sechs L\u00e4nder<\/strong>: Schweiz, Deutschland, \u00d6sterreich, Liechtenstein, Frankreich und Italien. Das gibt euch dann so ein bisschen das Gef\u00fchl auf dem Dach der Welt zu stehen.<\/p>\n<p>Auf dem Gipfel erwarten euch<strong> zwei Erlebniswelten<\/strong>. Die mit dem Thema Wetter gibt euch neues Angeberwissen f\u00fcr den n\u00e4chsten Smalltalk im B\u00fcro. In der Eiswelt erfahrt ihr dann alles, was man \u00fcber Schnee und Eis wissen muss.<\/p>\n<p>Danach k\u00f6nnt ihr noch im Souvernishop st\u00f6bern oder euch im Gipfelrestaurant mit Schweizer Spezialit\u00e4ten verw\u00f6hnen lassen. Ein ganz besonderes Erlebnis sind die <strong>Vollmondfahrten der Bahn<\/strong>. Ihr schwebt dann im Schein des Mondes nach oben und labt euch an einem Buffet, begleitet von Live-Musik.<\/p>\n<p><strong>\u00d6ffnungszeiten Bergbahn: <\/strong>Bergfahrten: 07.30 Uhr \u2013 17.30 Uhr; Talfahrten: 07.30 Uhr \u2013 18.00 Uhr; Von Mitte Oktober bis Ende Mai: 08.30 Uhr \u2013 17.00 Uhr<\/p>\n<p><strong>Preise f\u00fcr Berg- und Talfahrt:<\/strong> Erwachsene 49,10 Euro, Kinder bis 5: gratis, Kinder 6-15: 24,55 Euro; F\u00fcr Inhaber der Bodensee Card Plus ist der Zutritt inklusive.<\/p>\n<h2>6. Schloss Arenenberg \u2013 traumhafter Ausblick und Napoleonmuseum<\/h2>\n<p>Auf der Schweizer Seite des Untersees im Ort Salenstein bietet sich euch zun\u00e4chst einmal <strong>einer der sch\u00f6nsten Aussichtspunkte der Region<\/strong>. Von der Schlossterrasse blickt ihr auf die Insel Reichenau, der gr\u00f6\u00dften Bodenseeinsel, die zum UNESCO-Weltkulturerbe geh\u00f6rt.<\/p>\n<p>Vor 600 Jahren begannen reiche B\u00fcrger aus Konstanz und Thurgau hier <strong>Parks und G\u00e4rten<\/strong> f\u00fcr die Sommerfrische anzulegen. Diese wurden im Lauf der Zeit immer mehr erweitert und die geschasste K\u00f6nigin von Holland, Hortense de Beauharnais, f\u00fcgte dann einen Landschaftspark hinzu.<\/p>\n<p><img decoding=\"async\" loading=\"lazy\" class=\"aligncenter size-full wp-image-20741\" src=\"https:\/\/www.5vorflug.de\/blog\/wp-content\/uploads\/2020\/08\/Arenenberg-am-Bodensee-in-der-Schweiz.jpg\" alt=\"Arenenberg am Bodensee\" width=\"880\" height=\"450\" srcset=\"https:\/\/www.5vorflug.de\/blog\/wp-content\/uploads\/2020\/08\/Arenenberg-am-Bodensee-in-der-Schweiz.jpg 880w, https:\/\/www.5vorflug.de\/blog\/wp-content\/uploads\/2020\/08\/Arenenberg-am-Bodensee-in-der-Schweiz-300x153.jpg 300w, https:\/\/www.5vorflug.de\/blog\/wp-content\/uploads\/2020\/08\/Arenenberg-am-Bodensee-in-der-Schweiz-768x393.jpg 768w\" sizes=\"(max-width: 880px) 100vw, 880px\" \/><\/p>\n<p>Das Highlight eures Besuchs ist aber das Schloss mit dem <strong>Napoleonmuseum<\/strong>. Die sch\u00f6ne Hortense war n\u00e4mlich die Stieftochter des kleinen Korsen, heiratete sp\u00e4ter dessen j\u00fcngeren Bruder und wurde so die Mutter des franz\u00f6sischen Kaisers Napoleon III. Klingt nach Intrigantenstadl? War es auch.<\/p>\n<p>Wenn euch diese vertrackte Familiengeschichte zu kompliziert ist, bewundert einfach das <strong>Originalmobiliar<\/strong> des Hauses und erfahrt dabei dann doch noch etwas \u00fcber die Bonaparte Dynastie. Das ist auch ganz sch\u00f6n beeindruckend.<\/p>\n<p>Nach der Besichtigung k\u00f6nnt ihr euch dann im Bistro \u201eLouis Napol\u00e9on\u201c verw\u00f6hnen lassen. Das wurde von der Slow Food Bewegung daf\u00fcr ausgezeichnet, dass man hier nur lokale Produkte verarbeitet.<\/p>\n<p><strong>\u00d6ffnungszeiten:<\/strong> t\u00e4glich von 10.00 Uhr -17.00 Uhr<\/p>\n<p><strong>Eintrittspreis:<\/strong> Erwachsene: c.a. 14 Euro, Kinder 6 \u2013 16: ca. 4,50 Euro, f\u00fcr Inhaber der Bodensee Card Plus ist der Zutritt inklusive<\/p>\n<h2>7. Wallfahrtskirche Birnau \u2013 hier findet ihr euren Seelenfrieden<\/h2>\n<p>Das Kloster geh\u00f6rte fr\u00fcher den M\u00f6nchen aus Salem. Es ist leicht zu finden, da es direkt an der Bundesstra\u00dfe liegt. Auch von hier habt ihr wieder einen<strong> genialen Blick \u00fcber den See<\/strong>.<\/p>\n<p>Das Herzst\u00fcck dieses barocken Ensembles ist das <strong>Gnadenbild von Maria<\/strong>, das Wunder bewirken soll. Schon seit 1420 pilgern die Gl\u00e4ubigen zu diesem Bild und flehen um g\u00f6ttlichen Beistand. Mitten in Weinbergen und Obsthainen gelegen ist die Kirche schon von Weitem sichtbar, was unter anderem an der rosa Au\u00dfenfarbe liegen mag.<\/p>\n<p><img decoding=\"async\" loading=\"lazy\" class=\"aligncenter size-full wp-image-20742\" src=\"https:\/\/www.5vorflug.de\/blog\/wp-content\/uploads\/2020\/08\/Wallfahrtskirche-Birnau-am-Bodensee-in-Deutschland.jpg\" alt=\"Wallfahrtskirche Birnau am Bodensee\" width=\"880\" height=\"450\" srcset=\"https:\/\/www.5vorflug.de\/blog\/wp-content\/uploads\/2020\/08\/Wallfahrtskirche-Birnau-am-Bodensee-in-Deutschland.jpg 880w, https:\/\/www.5vorflug.de\/blog\/wp-content\/uploads\/2020\/08\/Wallfahrtskirche-Birnau-am-Bodensee-in-Deutschland-300x153.jpg 300w, https:\/\/www.5vorflug.de\/blog\/wp-content\/uploads\/2020\/08\/Wallfahrtskirche-Birnau-am-Bodensee-in-Deutschland-768x393.jpg 768w\" sizes=\"(max-width: 880px) 100vw, 880px\" \/><\/p>\n<p>Anders als Salem ist Birnau heute noch ein <strong>Zisterzienserkloster<\/strong>. Die M\u00f6nche betreiben einen Klosterladen, in dem ihr neben Devotionalien auch Honig, Kekse und Schnaps aus eigener Herstellung kaufen k\u00f6nnt. Wenn ihr der Meinung seid, dass barocker Baustil die Kr\u00f6nung an Prunk und Kitsch ist, schaut euch die Kirche an.<\/p>\n<p>Die wurde im <strong>Rokoko-Stil<\/strong> ausgestaltet und erschl\u00e4gt euch mit ihrer Pracht. Anlehnend an den Petersdom in Rom finden sich in der Kirche sieben reich geschm\u00fcckte Altare und eine beeindruckende Orgel.<\/p>\n<p>Und wenn ihr schon mal hier seid, solltet ihr nach dem Besuch der Kirche noch runter ans Seeufer und euch \u201eSchloss\u201c Maurach anschauen. Die ehemaligen Wirtschaftsgeb\u00e4ude des Klosters sind allerdings nur von au\u00dfen zu besichtigen.<\/p>\n<p><strong>\u00d6ffnungszeiten Basilika:<\/strong> Sommer: 07.30 Uhr \u2013 18.00 Uhr; Winter: 07.30 Uhr \u2013 17.00 Uhr<\/p>\n<p><strong>Eintrittspreis:<\/strong> G\u00f6ttlichen Beistand gibt es umsonst<\/p>\n<h2>8. Ravensburger Spieleland \u2013 das Familienabenteuer<\/h2>\n<p>Die <strong>Ravensburger Spiele<\/strong> kennt jeder. Bevor wir alle nur auf Smartphone und Computer gedaddelt haben, waren die wirklich in jedem Haushalt vertreten. Neben Klassikern wie Malefiz oder das Verr\u00fcckte Labyrinth bietet der Verlag eine riesige Auswahl an Puzzles.<\/p>\n<p>Also dachte man sich, warum nicht den guten Namen nutzen und einen <strong>Themenpark<\/strong> errichten, in dem man auf spielerische Weise viel Lernen und dabei zus\u00e4tzlich einen Heidenspa\u00df haben kann. Als Maskottchen w\u00e4hlte man die aus dem Fernsehen bekannten Figuren <strong>Maus und K\u00e4pt\u2019n Blaub\u00e4r<\/strong>.<\/p>\n<p>Heute findet ihr in dem Park 70 Attraktionen in acht Themenwelten. Die Kleinen haben Spa\u00df auf dem Bauernhof der gr\u00fcnen Oase oder entdecken die Holzspielzeuge von BRIO in Lebensgr\u00f6\u00dfe.<\/p>\n<p><img decoding=\"async\" loading=\"lazy\" class=\"aligncenter size-full wp-image-19368\" src=\"https:\/\/www.5vorflug.de\/blog\/wp-content\/uploads\/2020\/02\/Junge-der-ein-Kalb-streichelt.jpg\" alt=\"Junge mit Kuh auf dem Bauernhof\" width=\"880\" height=\"450\" srcset=\"https:\/\/www.5vorflug.de\/blog\/wp-content\/uploads\/2020\/02\/Junge-der-ein-Kalb-streichelt.jpg 880w, https:\/\/www.5vorflug.de\/blog\/wp-content\/uploads\/2020\/02\/Junge-der-ein-Kalb-streichelt-300x153.jpg 300w, https:\/\/www.5vorflug.de\/blog\/wp-content\/uploads\/2020\/02\/Junge-der-ein-Kalb-streichelt-768x393.jpg 768w\" sizes=\"(max-width: 880px) 100vw, 880px\" \/><\/p>\n<p>In der kunterbunten Spielewelt kann die ganze Familie die beliebten Brettspiele live und in Farbe nachspielen. Echte Abenteuer erwarten euch im <strong>Entdeckerland<\/strong>, wo ihr damit rechnen m\u00fcsst, nass zu werden.&nbsp; Danach ruht ihr euch im 4D Kino der Future World aus.<\/p>\n<p>Nat\u00fcrlich haben auch die Maskottchen K\u00e4pt\u2019n Blaub\u00e4r\/Hein Bl\u00f6d und die Maus mit dem Elefanten jeweils einen eigenen Bereich. Ans Eingemachte geht es dann im <strong>Mittmachland<\/strong>, wo ihr lernt wie man Reifen wechselt oder aber eure eigene Schokolade herstellt.<\/p>\n<p>Und wenn ihr euch sagt, dass das zu viel ist f\u00fcr einen Tag, k\u00f6nnt ihr im <strong>Feriendorf<\/strong> des Parks \u00fcbernachten. Verhungern m\u00fcsst ihr hier nat\u00fcrlich nicht. Gleich mehrere Restaurants versorgen euch mit Leckereien.<\/p>\n<p><strong>\u00d6ffnungszeiten:<\/strong> t\u00e4glich von 10.00 Uhr \u2013 17.30 Uhr<\/p>\n<p><strong>Eintrittspreis:<\/strong> Erwachsene: 36,50 Euro, Kinder bis 2: gratis, Kinder 3-14 und Studenten: 34,50 Euro<\/p>\n<h2>9. Pf\u00e4nder \u2013 mehr als nur eine Aussichtsberg<\/h2>\n<p>Unser n\u00e4chster Tipp liegt in \u00d6sterreich. Die Alpenrepublik hat mit etwa 28 Kilometern den kleinsten Anteil am Seeufer. Das hei\u00dft aber nicht, dass es hier nicht auch Spektakul\u00e4res zu entdecken g\u00e4be. So ist Bregenz am Ostufer das Sees eine der gr\u00f6\u00dften St\u00e4dte am Schw\u00e4bischen Meer. Hier verbinden sich Tradition und Kultur zu einem besonderen Flair.<\/p>\n<p>Und der Hausberg Pf\u00e4nder z\u00e4hlt zu den <strong>besten Aussichtspunkten am See<\/strong>. Auf den <strong>1064 Meter hohen Berg<\/strong> f\u00fchrt euch eine sch\u00f6ne Wandertour, oder aber ihr nutzt die Pf\u00e4nderbahn mit ihren Aussichtskabinen.<\/p>\n<p>Direkt bei der Bergstation wartet dann ein genialer <strong>Abenteuerspielplatz<\/strong> auf eure Kids. Inklusive einem Bungee Trampolin, das zu H\u00f6henfl\u00fcgen einl\u00e4dt. Wenn ihr eure Kids dort wieder loseisen k\u00f6nnt, solltet ihr noch einen Rundgang im <strong>Alpenwildpark<\/strong> einplanen. Dort seht ihr dann Tiere, wie Steinb\u00f6cke und Murmeltiere, die ihr sonst nur mit viel Gl\u00fcck im hochalpinen Gel\u00e4nde zu sehen bekommt.<\/p>\n<p><img decoding=\"async\" loading=\"lazy\" class=\"aligncenter size-full wp-image-20734\" src=\"https:\/\/www.5vorflug.de\/blog\/wp-content\/uploads\/2020\/08\/Seilbahn-auf-den-Pf\u00e4nder-in-\u00d6sterreich.jpg\" alt=\"Seilbahn auf den Pf\u00e4nder\" width=\"880\" height=\"450\" srcset=\"https:\/\/www.5vorflug.de\/blog\/wp-content\/uploads\/2020\/08\/Seilbahn-auf-den-Pf\u00e4nder-in-\u00d6sterreich.jpg 880w, https:\/\/www.5vorflug.de\/blog\/wp-content\/uploads\/2020\/08\/Seilbahn-auf-den-Pf\u00e4nder-in-\u00d6sterreich-300x153.jpg 300w, https:\/\/www.5vorflug.de\/blog\/wp-content\/uploads\/2020\/08\/Seilbahn-auf-den-Pf\u00e4nder-in-\u00d6sterreich-768x393.jpg 768w\" sizes=\"(max-width: 880px) 100vw, 880px\" \/><\/p>\n<p>Der Rundgang durch den Park dauert etwa 30 Minuten, kann sich aber in die L\u00e4nge ziehen, wenn ihr die Tiere genauer beobachten wollt. Danach ist dann vielleicht noch Zeit f\u00fcr den <strong>K\u00e4sewanderweg<\/strong>. Auf dieser Strecke passiert ihr einen Lehrpfad zum Thema und kommt dann auch an einigen H\u00fctten und Restaurants vorbei, wo ihr die lokalen K\u00e4sespezialit\u00e4ten verkostet.<\/p>\n<p>Die Hauptattraktion auf diesem Gipfel ist aber die <strong>Rheintal-Aussichtsterrasse<\/strong>, von der aus ihr auf <strong>Wellnessb\u00e4nken<\/strong> entspannt die fabelhafte Aussicht \u00fcber den See genie\u00dft. Ihr k\u00f6nnt diesen Ausflug schnell abhaken und nur eure Insta-Fotos schie\u00dfen, oder aber einen tollen Tag inmitten sch\u00f6ner Natur verbringen.<\/p>\n<p><strong>\u00d6ffnungszeiten Pf\u00e4nderbahn:<\/strong> t\u00e4glich 08.00 Uhr \u2013 19.00 Uhr<\/p>\n<p><strong>Preise f\u00fcr Berg- und Talfahrt:<\/strong> Erwachsene: 13,60 Euro, Kinder bis 5 Jahre: gratis, Kinder 6-15: 6,80 Euro, f\u00fcr Inhaber der Bodensee Card Plus ist die Fahrt inklusive<\/p>\n<div class=\"otw-sc-box bordered bordered\"><div><b>Auch interessant: <\/b><a href=\"https:\/\/www.5vorflug.de\/blog\/5vorflug-reisewelt\/europa\/reisetipps-fuer-oesterreich-alles-was-ihr-fuer-einen-traumhaften-urlaub-in-unserem-nachbarland-wissen-muesst\/\" target=\"_blank\" rel=\"noopener noreferrer\">Unsere \u00d6sterreich-Reisetipps<\/a><\/div><\/div>\n<h2>10. Halbinsel Mettnau \u2013 ein Paradies f\u00fcr Wasserv\u00f6gel<\/h2>\n<p>Lust auf noch mehr Natur? Dann fahrt nach Radolfzell am westlichen Ende des Untersees. Bereits seit 1926 stehen Teile dieser Halbinsel unter Naturschutz. Die heutige Ausdehnung von <strong>180 Hektar<\/strong> erhielt das Gebiet 1984. Eine Wanderung \u00fcber die Halbinsel beginnt im Kurpark, in dem befinden sich Kurkliniken und das Scheffelschl\u00f6sschen, benannt nach dem Dichter Joseph Victor von Scheffel.<\/p>\n<p>Hinter dem Kurpark befinden sich dann ausgedehnte Sumpfwiesen, auf denen eine Vielzahl an seltenen <strong>Orchideen<\/strong> zu bewundern sind. Zum Wasser hin wird die Mettnau von einem malerischen Schilfg\u00fcrtel begrenzt. Bei einem Spaziergang durch das Naturschutzgebiet seht ihr au\u00dferdem <strong>viele seltene V\u00f6gel<\/strong>, die hier br\u00fcten.<\/p>\n<p><img decoding=\"async\" loading=\"lazy\" class=\"aligncenter size-full wp-image-20741\" src=\"https:\/\/www.5vorflug.de\/blog\/wp-content\/uploads\/2020\/08\/Arenenberg-am-Bodensee-in-der-Schweiz.jpg\" alt=\"Arenenberg am Bodensee\" width=\"880\" height=\"450\" srcset=\"https:\/\/www.5vorflug.de\/blog\/wp-content\/uploads\/2020\/08\/Arenenberg-am-Bodensee-in-der-Schweiz.jpg 880w, https:\/\/www.5vorflug.de\/blog\/wp-content\/uploads\/2020\/08\/Arenenberg-am-Bodensee-in-der-Schweiz-300x153.jpg 300w, https:\/\/www.5vorflug.de\/blog\/wp-content\/uploads\/2020\/08\/Arenenberg-am-Bodensee-in-der-Schweiz-768x393.jpg 768w\" sizes=\"(max-width: 880px) 100vw, 880px\" \/><\/p>\n<p>Die sind \u00fcbrigens auch der Grund, warum die Spitze der Halbinsel <strong>von Mitte April bis Ende August f\u00fcr uns Menschen gesperrt<\/strong> ist. Dann ist am Aussichtsturm der Mettnau Schluss und ihr schaut euch die Spitze von oben aus der Entfernung an.<\/p>\n<p>S\u00fcdlich vor der Halbinsel liegt noch die kleine Liebesinsel. Die k\u00f6nnt ihr im Rahmen einer <strong>gef\u00fchrten Kanutour<\/strong> umrunden. Betreten ist allerdings verboten. Wird also nix mit rausfinden, wo der Name herkommt.<\/p>\n<p>Wenn ihr euch beim Besuch der Halbinsel zus\u00e4tzlich weiterbilden m\u00f6chtet, nehmt an einer der <strong>vom NABU organisierten gef\u00fchrten Wanderungen<\/strong> teil. Falls ihr lieber nur entspannen wollt, bietet euch der Kurpark au\u00dferdem ein sch\u00f6nes Strandbad an. \u00dcbrigens k\u00f6nnt ihr die Mettnau auch mit dem Schiff erreichen.<\/p>\n<p><strong>\u00d6ffnungszeiten Strandbad:<\/strong> im Sommer t\u00e4glich von 08.00 Uhr&nbsp; &#8211; 21.00 Uhr, witterungsbedingte \u00c4nderung vorbehalten<\/p>\n<p><strong>Eintrittspreis Strandbad:<\/strong> Erwachsene: 2,70 Euro, Kinder bis 5: gratis, Kinder 6-17: 1,00 Euro<\/p>\n<p><strong>Hinweis:<\/strong> die gef\u00fchrten Kanutouren sind in der Bodensee Card Plus inklusive<\/p>\n<h2>11. Burg Meersburg \u2013 erbaut von Dagobert<\/h2>\n<p>Eine der bekanntesten Sehensw\u00fcrdigkeiten am Bodensee ist die Burg Meersburg. Einer Legende nach wurde der Grundstein f\u00fcr die Burg im 7. Jahrhundert durch Dagobert I., einem K\u00f6nig der Merowinger, gelegt. Also nicht von dem Herrn aus Entenhausen.<\/p>\n<p>Sie gilt als <strong>\u00e4lteste bewohnte Burg Deutschlands<\/strong> und wird auch gerne als \u201eAltes Schloss\u201c bezeichnet im Vergleich zum benachbarten \u201eNeuen Schloss\u201c. Im Jahr 1838 erwarb dann ein Herr Joseph von La\u00dfberg das Gem\u00e4uer und rettete es so vor dem Verfall. Die Schw\u00e4gerin dieses Herrn war Annette von Droste-H\u00fclshoff, die hier ihre letzten Jahre verbrachte.<\/p>\n<p><img decoding=\"async\" loading=\"lazy\" class=\"aligncenter size-full wp-image-20738\" src=\"https:\/\/www.5vorflug.de\/blog\/wp-content\/uploads\/2020\/08\/Meersburg-am-Bodensee.jpg\" alt=\"Meersburg am Bodensee\" width=\"880\" height=\"450\" srcset=\"https:\/\/www.5vorflug.de\/blog\/wp-content\/uploads\/2020\/08\/Meersburg-am-Bodensee.jpg 880w, https:\/\/www.5vorflug.de\/blog\/wp-content\/uploads\/2020\/08\/Meersburg-am-Bodensee-300x153.jpg 300w, https:\/\/www.5vorflug.de\/blog\/wp-content\/uploads\/2020\/08\/Meersburg-am-Bodensee-768x393.jpg 768w\" sizes=\"(max-width: 880px) 100vw, 880px\" \/><\/p>\n<p>Auf diesen Herrn von La\u00dfberg geht das Museum zur\u00fcck, in dem ihr sehr viel mittelalterliches, inklusive einer Folterkammer, zu sehen bekommt. Au\u00dferdem k\u00f6nnt ihr die R\u00e4ume anschauen, in denen die Dichterin Droste-H\u00fclshoff gelebt hat. Teile der Burg werden heute noch von den Nachfahren bewohnt.<\/p>\n<p>Ihr habt die M\u00f6glichkeit allein loszuziehen oder aber an <strong>gef\u00fchrten Touren<\/strong> teilnehmen. Von April bis Oktober an manchen Terminen sogar im Rahmen der belebten Burg mit mittelalterlich gekleideten Darstellern. Und nach dem Rundgang solltet ihr euch im <strong>Burg-Caf\u00e9<\/strong> eine Erfrischung g\u00f6nnen und die tolle Aussicht genie\u00dfen. Danach warten das \u201eNeue Schloss\u201c und die malerische Altstadt von Meersburg darauf erkundet zu werden.<\/p>\n<p><strong>\u00d6ffnungszeiten:<\/strong> t\u00e4glich von 09.00 Uhr \u2013 18.30 Uhr<\/p>\n<p>Eintrittspreis: Erwachsene: 12,80 Euro, Kinder bis 5: gratis, Kinder 6-13: 8,00 Euro, f\u00fcr Inhaber der Bodensee Card Plus ist der Besuch inklusive<\/p>\n<h2>12. Karrenseilbahn Dornbirn \u2013 schwebend auf den Berg<\/h2>\n<p>Nicht mehr direkt am See liegt die n\u00e4chste \u00f6sterreichische Stadt, die wir euch vorstellen wollen. Wenn ihr euch die <strong>Mohren Biererlebniswelt<\/strong>, ein interaktives Museum zum Thema Bier, angeschaut habt, seid ihr gest\u00e4rkt f\u00fcr das Highlight dieser modernen und aktiven Stadt.<\/p>\n<p>Der 976 Meter hohe <strong>Hausberg hei\u00dft Karren<\/strong> und auch hier habt ihr die Wahl, ob ihr hochwandern wollt oder fahren. Die Bergstation ist Ausgangspunkt f\u00fcr viele Wanderwege vom Familienspaziergang bis zur fordernden, mehrst\u00fcndigen Wanderung.<\/p>\n<p>Von hier kommt ihr zu <strong>zwei der gr\u00f6\u00dften Schluchten Mitteleuropas, der Alploch- und der Rappenschlucht<\/strong>. Beide k\u00f6nnt ihr auf abenteuerlichen Stegen durchwandern. Und das ohne Eintritt zu zahlen.<\/p>\n<p>Das <strong>Panoramarestaurant<\/strong> auf dem Karren bietet euch neben gutem Essen einen tollen Ausblick auf das Rheintal, die Schweizer Berge oder den Bodensee. Je nach Geschmack. Und wenn ihr schwindelfrei seid, dann geht ein Stockwerk tiefer zur <strong>Aussichtsplattform<\/strong>. Die besteht aus einem 12 Meter langen Steg, der frei \u00fcber der Felskante schwebt. Das Gef\u00fchl, im Nichts zu schweben, k\u00f6nnt ihr mit der dort installierten Kamera am Selfie-Point f\u00fcr immer festhalten.<\/p>\n<p>Die Karrenbahn bietet aber noch eine Besonderheit. Der Tipp f\u00fcr Romantiker: Fahrt nachts hoch und bewundert dann die glitzernden Lichter der Bodenseeregion.<\/p>\n<p><strong>\u00d6ffnungszeiten:<\/strong> t\u00e4glich von 09.00 Uhr \u2013 23.00 Uhr, im Winter nur bis 21.00 Uhr<\/p>\n<p><strong>Preise:<\/strong> Erwachsene: 12,40 Euro, Kinder: 6,20 Euro<\/p>\n<h2>13. Rheinfall Schaffhausen \u2013 beeindruckendes Naturschauspiel<\/h2>\n<p>Mit 23 Metern H\u00f6he und 150 Metern Breite z\u00e4hlt der Rheinfall bei Schaffhausen<strong> zu den gr\u00f6\u00dften und wasserreichsten F\u00e4llen in Europa<\/strong>, quasi die Niagaraf\u00e4lle der Schweiz. Vom Bodensee m\u00fcsst ihr ein paar Kilometer westlich fahren. Aber die Fahrt lohnt sich.<\/p>\n<p>Wenn ihr in Schaffhausen angekommen seid, habt ihr mehrere <strong>Aussichtplattformen<\/strong> zur Auswahl, von denen ihr die beste Perspektive f\u00fcr euer Foto suchen k\u00f6nnt. Bevor ihr euch aber auf das Wasser begebt solltet ihr noch Schloss Laufen anschauen. Das ist zwar teilweise eine Jugendherberge, aber es lohnt sich dennoch dort vorbei zu schauen. Am n\u00e4chsten ran kommt ihr bei einer <strong>Bootsfahrt<\/strong>. Die gibt es in unterschiedlichen L\u00e4ngen und ab unterschiedlichen Orten.<\/p>\n<p><img decoding=\"async\" loading=\"lazy\" class=\"aligncenter size-full wp-image-20737\" src=\"https:\/\/www.5vorflug.de\/blog\/wp-content\/uploads\/2020\/08\/Rheinfall-von-Schaffhausen-in-der-Schweiz.jpg\" alt=\"Rheinfall von Schaffhausen\" width=\"880\" height=\"450\" srcset=\"https:\/\/www.5vorflug.de\/blog\/wp-content\/uploads\/2020\/08\/Rheinfall-von-Schaffhausen-in-der-Schweiz.jpg 880w, https:\/\/www.5vorflug.de\/blog\/wp-content\/uploads\/2020\/08\/Rheinfall-von-Schaffhausen-in-der-Schweiz-300x153.jpg 300w, https:\/\/www.5vorflug.de\/blog\/wp-content\/uploads\/2020\/08\/Rheinfall-von-Schaffhausen-in-der-Schweiz-768x393.jpg 768w\" sizes=\"(max-width: 880px) 100vw, 880px\" \/><\/p>\n<p>Bei manchen Touren k\u00f6nnt ihr an der mittleren Felseninsel aussteigen und \u00fcber eine Treppe hoch hinauf klettern. Dort oben habt ihr dann das Gef\u00fchl mittendrin zu stehen. Die meisten Bootstouren starten ab W\u00f6rth und von dort kommt ihr auch zum Schloss W\u00f6rth, das auf einer Insel im Fluss liegt.<\/p>\n<p>Besonders beeindruckenden sind die F\u00e4lle im <strong>Fr\u00fchjahr nach der Schneeschmelze<\/strong>. Allerdings kann es dann sein, dass euch die Gischt den Blick etwas tr\u00fcbt. Das wenigste Wasser st\u00fcrzt im Winter \u00fcber die Felsen. Wenn ihr in der Gegend seid, m\u00fcsst ihr euch das unbedingt ansehen.<\/p>\n<p>Ein ganz hei\u00dfer Tipp f\u00fcr euren Besuch ist der <strong>31.07.<\/strong> Dann wird anl\u00e4sslich des Schweizer Nationalfeiertags nach Einbruch der Dunkelheit ein gigantisches <strong>Feuerwerk<\/strong> abgebrannt, das die Wassermassen in den Farben des Regenbogens erleuchten l\u00e4sst.<\/p>\n<div class=\"otw-sc-box bordered bordered\"><div><b>Unser Lesetipp: <\/b><a href=\"https:\/\/www.5vorflug.de\/blog\/5vorflug-reisewelt\/europa\/reisetipps-schweiz\/\" target=\"_blank\" rel=\"noopener noreferrer\">Unser Schweiz-Urlaubsguide<\/a><\/div><\/div>\n<h2>14. Skywalk Allg\u00e4u \u2013 der Naturerlebnispark<\/h2>\n<p>Etwa 30 Minuten Fahrt von Lindau entfernt erwarten euch noch mehr Naturabenteuer. In Scheidegg im bayrischen Teil des Allg\u00e4us schwingt ihr euch in schwindelerregende H\u00f6hen und entdeckt die nat\u00fcrliche Vielfalt am Boden.<\/p>\n<p>Das Herzst\u00fcck des Parks ist der <strong>Baumwipfelpfad<\/strong>. \u00dcber einen sanft ansteigenden Pfad mit Treppen und Podesten gelangt ihr in 40 Meter H\u00f6he. Wenn ihr nicht so mobil seid, k\u00f6nnt ihr auch den Aufzug nehmen. Oben angekommen lauft ihr \u00fcber eine <strong>540 Meter lange Br\u00fccke<\/strong> und genie\u00dft faszinierende Ausblicke \u00fcber das Allg\u00e4u, die Berge und den Bodensee. Abenteurer w\u00e4hlen f\u00fcr den Abstieg die Route \u00fcber Wackelbr\u00fccken und eine Rutsche. Nachdem ihr euch alles von oben angeschaut habt, geht ihr am Boden \u00fcber den <strong>Walderlebnispark<\/strong> wandern.<\/p>\n<p>Auf diesem wird euch auf mehreren interaktiven Stationen, der Lebensraum Wald erkl\u00e4rt. Bio-Unterricht auf sehr unterhaltsame Weise. Es gibt dieses Erlebnis auch in einer Abenteuerversion zu erleben.<\/p>\n<p>Oder ihr wandelt \u00fcber den <strong>Barfusspfad<\/strong> und f\u00fchlt den Waldboden. Bevor ihr dann die Tiere im <strong>Streichelzoo<\/strong> mit euren \u201eOh wie s\u00fc\u00df!\u201c Ausrufen begl\u00fccken d\u00fcrft, geht es noch \u00fcber den <strong>Geschicklichkeit-Parcours<\/strong>.<\/p>\n<p>Und nach so viel Action seid ihr ja bestimmt hungrig geworden, also nix wie auf ins <strong>Familienrestaurant<\/strong> mit typisch Allg\u00e4uer Spezialit\u00e4ten. Wenn ihr eine gr\u00f6\u00dfere Gruppe seid, habt ihr die M\u00f6glichkeit einen <strong>Grillplatz mieten<\/strong> und selbst t\u00e4tig werden. Ein traumhafter Tag in einzigartiger Umgebung.<\/p>\n<p><strong>\u00d6ffnungszeiten:<\/strong> t\u00e4glich von 10.00 \u2013 18.00 Uhr, im Winter nur an Wochenenden von 11.00 Uhr bis 17.00 Uhr<\/p>\n<p>Preise: 11,50 Euro (7,50 Euro);&nbsp;Kinder bis 1 Meter Gr\u00f6\u00dfe: gratis; Kinder ab 1 Meter bis 17 Jahre: 8,90 Euro (5,20 Euro);&nbsp;Die Preise in Klammern gelten im Winter; f\u00fcr Inhaber der Bodensee Card Plus ist der Besuch inklusive<\/p>\n<p><img decoding=\"async\" loading=\"lazy\" class=\"aligncenter size-full wp-image-20736\" src=\"https:\/\/www.5vorflug.de\/blog\/wp-content\/uploads\/2020\/08\/Skywalk-Allg\u00e4u-am-Bodensee.jpg\" alt=\"Skywalk Allg\u00e4u am Bodensee\" width=\"880\" height=\"450\" srcset=\"https:\/\/www.5vorflug.de\/blog\/wp-content\/uploads\/2020\/08\/Skywalk-Allg\u00e4u-am-Bodensee.jpg 880w, https:\/\/www.5vorflug.de\/blog\/wp-content\/uploads\/2020\/08\/Skywalk-Allg\u00e4u-am-Bodensee-300x153.jpg 300w, https:\/\/www.5vorflug.de\/blog\/wp-content\/uploads\/2020\/08\/Skywalk-Allg\u00e4u-am-Bodensee-768x393.jpg 768w\" sizes=\"(max-width: 880px) 100vw, 880px\" \/><\/p>\n<p>Zum Abschluss unserer Liste noch <strong>zwei ganz besondere Tipps<\/strong>. Seit 1946 finden von Ende Juli bis Ende August die <strong>Bregenzer Festspiele<\/strong> statt. Die B\u00fchne befindet sich auf dem See und w\u00e4hrend der Vorstellung blickt ihr \u00fcber den See und nach Lindau. Durch technische Raffinessen genie\u00dft ihr eine ausgezeichnete Akustik. Ein Muss f\u00fcr alle Liebhaber der klassischen Musik.<\/p>\n<p>Unser zweiter Tipp ist was f\u00fcr die Aktiven unter euch. Entlang des 270 Kilometer langen <strong>Bodensee Rundwegs<\/strong> k\u00f6nnt ihr in mehreren Tagesetappen einmal rund um den ganzen See wandern oder radeln. Dabei kommt ihr an vielen der oben erw\u00e4hnten Sehensw\u00fcrdigkeiten vorbei. Wanderer sollten eine Dauer von acht bis zehn Tagen einplanen. Nat\u00fcrlich l\u00e4sst sich der Weg auch bei mehreren Aufenthalten am Bodensee in Etappen abwandern.<\/p>\n<div class=\"otw-sc-box bordered bordered\"><div><b>Ihr wollt noch mehr Ziele in Deutschland ansteuern? <\/b><a href=\"https:\/\/www.5vorflug.de\/blog\/5vorflug-reisewelt\/europa\/deutschlands-schoenste-urlaubsziele-im-sommer\/\" target=\"_blank\" rel=\"noopener noreferrer\">In diesem Beitrag stellen wir euch die sch\u00f6nsten Reiseziele in Deutschland vor.<\/a> <a href=\"https:\/\/www.5vorflug.de\/specials\/urlaub-in-deutschland.html\" target=\"_blank\" rel=\"noopener noreferrer\">Unsere Angebote f\u00fcr einen Urlaub in Deutschland findet ihr auf 5vorFlug.de!<\/a><\/div><\/div>\n<p style=\"text-align: right;\">(<strong>\u00d6ffnungszeiten und Preise:<\/strong> Stand Juni 2020)<\/p>\n","protected":false},"excerpt":{"rendered":"<p>Deutschland und seine Urlaubsregionen sind ja gerade richtig hipp. Viele von uns haben schon die ganze Welt gesehen, aber unser Heimatland kennen wir fast gar nicht. Wir stellen euch die Sehensw\u00fcrdigkeiten einer der sch\u00f6nsten Regionen Deutschlands vor. Ihr werdet \u00fcberrascht sein, was man am Bodensee so alles entdecken kann. Das Schw\u00e4bische Meer ist Deutschlands gr\u00f6\u00dfter &#8230;<\/p>\n","protected":false},"author":58,"featured_media":20733,"comment_status":"open","ping_status":"open","sticky":false,"template":"","format":"standard","meta":{"ngg_post_thumbnail":0},"categories":[74,7,46],"tags":[60,1541],"aioseo_notices":[],"_links":{"self":[{"href":"https:\/\/www.5vorflug.de\/blog\/wp-json\/wp\/v2\/posts\/20625"}],"collection":[{"href":"https:\/\/www.5vorflug.de\/blog\/wp-json\/wp\/v2\/posts"}],"about":[{"href":"https:\/\/www.5vorflug.de\/blog\/wp-json\/wp\/v2\/types\/post"}],"author":[{"embeddable":true,"href":"https:\/\/www.5vorflug.de\/blog\/wp-json\/wp\/v2\/users\/58"}],"replies":[{"embeddable":true,"href":"https:\/\/www.5vorflug.de\/blog\/wp-json\/wp\/v2\/comments?post=20625"}],"version-history":[{"count":7,"href":"https:\/\/www.5vorflug.de\/blog\/wp-json\/wp\/v2\/posts\/20625\/revisions"}],"predecessor-version":[{"id":20749,"href":"https:\/\/www.5vorflug.de\/blog\/wp-json\/wp\/v2\/posts\/20625\/revisions\/20749"}],"wp:featuredmedia":[{"embeddable":true,"href":"https:\/\/www.5vorflug.de\/blog\/wp-json\/wp\/v2\/media\/20733"}],"wp:attachment":[{"href":"https:\/\/www.5vorflug.de\/blog\/wp-json\/wp\/v2\/media?parent=20625"}],"wp:term":[{"taxonomy":"category","embeddable":true,"href":"https:\/\/www.5vorflug.de\/blog\/wp-json\/wp\/v2\/categories?post=20625"},{"taxonomy":"post_tag","embeddable":true,"href":"https:\/\/www.5vorflug.de\/blog\/wp-json\/wp\/v2\/tags?post=20625"}],"curies":[{"name":"wp","href":"https:\/\/api.w.org\/{rel}","templated":true}]}}