{"id":17068,"date":"2019-05-26T16:07:49","date_gmt":"2019-05-26T14:07:49","guid":{"rendered":"https:\/\/www.5vorflug.de\/blog\/?p=17068"},"modified":"2021-05-07T14:40:45","modified_gmt":"2021-05-07T12:40:45","slug":"reisebericht-wandern-mallorca","status":"publish","type":"post","link":"https:\/\/www.5vorflug.de\/blog\/5vorflug-reisewelt\/europa\/reisebericht-wandern-mallorca\/","title":{"rendered":"Mit dem Rucksack durch die Pampa Mallorcas \u2013 Fernwandern auf dem GR221"},"content":{"rendered":"<p><strong>Mallorca kann noch viel mehr als nur Ballermann! Vor allem f\u00fcr Aktivurlauber ist die Insel das ideale Reiseziel. Im Fr\u00fchling und Herbst sind die Temperaturen optimal f\u00fcr ausgedehnte Wander- oder Radtouren und das Beste: Bei der sportlichen Bet\u00e4tigung gibt es auf Mallorca eine wundersch\u00f6ne Landschaft zu erkunden. Unsere Autorin verbrachte ihren Urlaub auf dem Fernwanderweg GR221 auf Mallorca und hat dabei einiges erlebt. Ihre Erfahrungen teilt sie mit euch in diesem Reisebericht:<\/strong><\/p>\n<p style=\"text-align: center;\"><iframe loading=\"lazy\" src=\"https:\/\/www.google.com\/maps\/d\/embed?mid=1na2VFAdbphnSCOjx6z4_NCL0ItJZ-MHs\" width=\"640\" height=\"480\"><\/iframe><br \/>\n&nbsp;<\/p>\n<h2><a name=\"_Toc252634155\"><\/a>Ein Leben aus dem Rucksack<\/h2>\n<p>30 Liter, nicht mehr und nicht weniger. Das ist das Volumen meines hei\u00df geliebten Wanderrucksacks. Und wie vor jeder Reise stellt sich die gro\u00dfe und oft scheinbar unl\u00f6sbare Frage: Wie schaffe ich es, ein ganzes Leben, mein ganzes Sein auf diese 30 Liter zu reduzieren? Es beginnt eine elementare Suche nach dem Sinn des Lebens und der eigenen Identit\u00e4t. Na ja, ganz so schlimm ist es dann doch nicht. Aber es ist am Ende doch jedes Mal erstaunlich festzustellen, wie wenig man zum Leben eigentlich nur braucht.<\/p>\n<p><strong>Am Ende bleiben:<\/strong><\/p>\n<ul>\n<li>drei T-Shirts<\/li>\n<li>zwei Hosen<\/li>\n<li>drei Garnituren Unterw\u00e4sche und Socken<\/li>\n<li>ein Bikini<\/li>\n<li>eine M\u00fctze<\/li>\n<li>ein kleines Handtuch<\/li>\n<li>Basics an Waschzeug<\/li>\n<li>ein kleines Erste-Hilfe Set<\/li>\n<li>eine warme sowie eine Regenjacke.<\/li>\n<\/ul>\n<p>Oben drauf kommen Proviant (N\u00fcsse, Trockenobst und M\u00fcsliriegel), eine gro\u00dfe Wasserflasche und nat\u00fcrlich meine Wanderstiefel. Alles, was man f\u00fcr einen Wanderurlaub auf Mallorca braucht!<\/p>\n<p><img decoding=\"async\" loading=\"lazy\" class=\"aligncenter size-full wp-image-15035\" src=\"https:\/\/www.5vorflug.de\/blog\/wp-content\/uploads\/2018\/09\/kochen-beim-Wandern.jpg\" alt=\"kochen beim Wandern\" width=\"880\" height=\"584\" srcset=\"https:\/\/www.5vorflug.de\/blog\/wp-content\/uploads\/2018\/09\/kochen-beim-Wandern.jpg 880w, https:\/\/www.5vorflug.de\/blog\/wp-content\/uploads\/2018\/09\/kochen-beim-Wandern-300x199.jpg 300w, https:\/\/www.5vorflug.de\/blog\/wp-content\/uploads\/2018\/09\/kochen-beim-Wandern-768x510.jpg 768w\" sizes=\"(max-width: 880px) 100vw, 880px\" \/><\/p>\n<h2><a name=\"_Toc252634156\"><\/a>Los geht\u00b4s!<\/h2>\n<p>Den Rucksack gepackt, die Wanderschuhe geschn\u00fcrt, mache ich mich auf den Weg zum Flughafen. Mein Rucksack fliegt mit mir im Handgep\u00e4ck. Wortw\u00f6rtlich wie im Flug vergeht die Zeit, bis ich in Palma de Mallorca spanischen Boden betrete. Obwohl es schon <strong>Mitte Oktober<\/strong> ist, herrschen hier<strong> sp\u00e4tsommerliche Temperaturen<\/strong> mit blauem Himmel und Sonnenschein.<\/p>\n<div class=\"otw-sc-box bordered bordered\"><div><a href=\"https:\/\/www.5vorflug.de\/flug\/flug-mallorca.html\" target=\"_blank\" rel=\"noopener noreferrer\"><b>Ihr seid noch auf der Suche nach dem passenden Flug nach Mallorca? Auf 5vorFlug.de findet ihr zahlreiche g\u00fcnstige Fl\u00fcge auf Deutschlands 17. Bundesland!<\/b><\/a><\/div><\/div>\n<p>Da ich mir vorgenommen habe, auf dem GR221 zu wandern, habe ich noch in Deutschland einen <strong>Bustransfer von Palma bis nach Dei\u00e0<\/strong> gebucht. GR steht \u00fcbrigens f\u00fcr das franz\u00f6sische \u201eGrande Randonn\u00e9e&#8220; und bezeichnet ein europ\u00e4isches Netz zahlreicher Fernwanderwege. Im schaukelnden Bus geht es also gut eine Stunde \u00fcber schmale Bergstra\u00dfen bis an die Nordk\u00fcste der Insel. Die gro\u00dfen Busfenster bieten schon erste Blicke auf die sch\u00f6ne Landschaft und in mir steigt die Vorfreude auf die kommenden Tage.<\/p>\n<p>In Dei\u00e1 angekommen steht noch eine gute halbe Stunde Weg zum Refugio \u201eCan Boi\u201c an. Endlich ein kurzes, aber sch\u00f6nes Wandervergn\u00fcgen zum Einstimmen auf die kommenden Tage. Das Refugio ist wundersch\u00f6n, au\u00dfergew\u00f6hnlich gut ausgestattet und auf den ersten Blick sind auch nur ein paar wenige, sehr nette Menschen zu Besuch. Wir schlafen in einem gro\u00dfen Raum mit etwa zehn Stockbetten.<\/p>\n<p><img decoding=\"async\" loading=\"lazy\" class=\"aligncenter size-full wp-image-17072\" src=\"https:\/\/www.5vorflug.de\/blog\/wp-content\/uploads\/2019\/04\/Cala-de-Deia.jpg\" alt=\"Cala-de-Deia\" width=\"880\" height=\"477\" srcset=\"https:\/\/www.5vorflug.de\/blog\/wp-content\/uploads\/2019\/04\/Cala-de-Deia.jpg 880w, https:\/\/www.5vorflug.de\/blog\/wp-content\/uploads\/2019\/04\/Cala-de-Deia-300x163.jpg 300w, https:\/\/www.5vorflug.de\/blog\/wp-content\/uploads\/2019\/04\/Cala-de-Deia-768x416.jpg 768w\" sizes=\"(max-width: 880px) 100vw, 880px\" \/><\/p>\n<p>Da es erst Nachmittag ist, starte ich eine kleine Entdeckungstour der Umgebung und finde schnell einen Weg zum Strand hinunter. Den Rucksack konnte ich im Refugio lassen, den Bikini habe ich zum Gl\u00fcck mitgenommen. Was f\u00fcr ein herrlicher erster Tag: \u00dcber den Wolken geflogen, durch die Berge gefahren, ein bisschen gelaufen, ein bisschen geschwommen \u2013 sch\u00f6ner geht\u00b4s doch wirklich nicht.<\/p>\n<p>\u25ba\u25ba\u25ba Noch ein bisschen sch\u00f6ner ist nur noch ein Bad in einem <a href=\"https:\/\/www.5vorflug.de\/blog\/5vorflug-reisewelt\/europa\/vamos-a-la-playa-mallorcas-straende\/\" target=\"_blank\" rel=\"noopener noreferrer\">dieser Str\u00e4nde auf Mallorca<\/a><\/p>\n<h2><a name=\"_Toc252634157\"><\/a>Erster Wandertag auf Mallorca: von Dei\u00e1 nach Port de Soller<\/h2>\n<p>Am n\u00e4chsten Morgen mache ich mich auf, mein erster richtiger Wandertag beginnt. Von Dei\u00e1 nach Port de Soller soll es gehen. Die Strecke ist blo\u00df <strong>zehn Kilometer lang<\/strong> und ein sehr sch\u00f6ner und sanfter Einstieg.<\/p>\n<p>Der GR221 f\u00fchrt \u00fcber den sogenannten <strong>\u201ePiratenweg\u201c<\/strong> oberhalb der K\u00fcste. Auf dem Piratenweg habe ich fast die ganze Zeit \u00fcber einen perfekten Ausblick auf die am Strand unter den Felsenklippen brechenden Wellen. Das Gef\u00fchl, wenn man durch einen duftenden Pinienwald l\u00e4uft, das Meeresrauschen h\u00f6rt und die sanfte Seebrise im Gesicht sp\u00fcrt, ist einfach unbeschreiblich. Gegen Mittag verlasse ich den Wanderweg und mache es mir am Strand in einer kleinen Bucht gem\u00fctlich. Da dieser K\u00fcstenabschnitt nur zu Fu\u00df zu erreichen ist, bin ich hier ganz alleine und nutze diesen magischen Moment f\u00fcr einen erfrischenden Sprung ins k\u00fchle Nass. Mit salzverkrusteten Haaren sitze ich anschlie\u00dfend in der Sonne, esse ein wenig von meinem mitgebrachten Proviant und beobachte das Lichtspiel der Sonnenstrahlen auf der wogenden Wasserdecke.<\/p>\n<p>Ihr habt es vielleicht schon bemerkt, wenn man alleine wandert, verbringt man sehr viel Zeit damit, die Natur und die eigene Umgebung genau zu beobachten. Eine Eigenschaft, die ich auch nach meiner Reise beibehalten m\u00f6chte \u2013 <strong>bewusster und wertsch\u00e4tzender durchs Leben gehen<\/strong>. Gegen Nachmittag sind der Leuchtturm und die Bucht von Port de Soller das erste Mal sichtbar. Ich bin den Tag \u00fcber sehr gem\u00fctlich gelaufen und mit mehreren ausgiebigen (Bade-)Pausen habe ich gut sieben Stunden gebraucht.<\/p>\n<p><img decoding=\"async\" loading=\"lazy\" class=\"aligncenter size-full wp-image-13526\" src=\"https:\/\/www.5vorflug.de\/blog\/wp-content\/uploads\/2018\/04\/Port-de-Soller_250225096-e1568212116410.jpg\" alt=\"Port de Soller auf Mallorca in Spanien\" width=\"879\" height=\"459\" srcset=\"https:\/\/www.5vorflug.de\/blog\/wp-content\/uploads\/2018\/04\/Port-de-Soller_250225096-e1568212116410.jpg 879w, https:\/\/www.5vorflug.de\/blog\/wp-content\/uploads\/2018\/04\/Port-de-Soller_250225096-e1568212116410-300x157.jpg 300w, https:\/\/www.5vorflug.de\/blog\/wp-content\/uploads\/2018\/04\/Port-de-Soller_250225096-e1568212116410-768x401.jpg 768w\" sizes=\"(max-width: 879px) 100vw, 879px\" \/><\/p>\n<p>&nbsp;<\/p>\n<p>Das Refugio \u201eMuletta\u201c in Port de Soller ist fast noch sch\u00f6ner als \u201eCan Boi\u201c. Es liegt auf einem Felsen oberhalb der Hafenstadt Soller. In 20 Minuten ist man in das St\u00e4dtchen gelaufen, wo ich den Abend mit einem guten spanischen Essen am Stadtstrand ausklingen lasse.<\/p>\n<h2><a name=\"_Toc252634158\"><\/a>Zweiter Wandertag auf Mallorca \u2013 von Port de Soller nach Tossals Verds<\/h2>\n<p>Der erste Abschnitt der heute geplanten <strong>21 Kilometer<\/strong> wird mit einer <strong>historischen Holztram<\/strong> zur\u00fcckgelegt. Das charmante Gef\u00e4hrt bringt mich an das Ende der Stadt Soller. Hier beginnt der erste richtige Anstieg \u00fcber wundersch\u00f6ne, mit Olivenhainen bewachsene Steinterrassen. Der Weg ist lang und steil und die Sonne brennt unbarmherzig auf den sp\u00e4rlich beschatteten Weg. 900 H\u00f6henmeter sp\u00e4ter bin ich ziemlich ersch\u00f6pft, werde jedoch mit einer <strong>herrlichen Aussicht \u00fcber die Olivenhaine<\/strong> belohnt. In weiter Ferne ist der Leuchtturm von Soller noch zu erkennen. Ein tolles Gef\u00fchl zu sehen, wie weit ich mit den eigenen F\u00fc\u00dfen gelaufen bin.<\/p>\n<p><img decoding=\"async\" loading=\"lazy\" class=\"size-full wp-image-5930\" src=\"https:\/\/www.5vorflug.de\/blog\/wp-content\/uploads\/2016\/06\/Tren-de-soller.jpg\" alt=\"Tren de Soller\" width=\"631\" height=\"350\" srcset=\"https:\/\/www.5vorflug.de\/blog\/wp-content\/uploads\/2016\/06\/Tren-de-soller.jpg 631w, https:\/\/www.5vorflug.de\/blog\/wp-content\/uploads\/2016\/06\/Tren-de-soller-300x166.jpg 300w\" sizes=\"(max-width: 631px) 100vw, 631px\" \/><\/p>\n<p>Der Weg f\u00fchrt mich immer weiter weg von der K\u00fcste hinein ins Landesinnere bis zu einem gro\u00dfen Stausee. Dahinter wartet der letzte schwere Anstieg des Tages. \u00dcber den Sattel hinweg, \u00f6ffnet sich ein einsames, weites Tal. Graue Felsen in einem gr\u00fcnen Meer. So einfach und doch so unbeschreiblich sch\u00f6n. Bei meinem Weg durch das Tal passiere ich ein abgest\u00fcrztes Sportflugzeug. Das Tal verengt sich, wird zur <strong>Schlucht<\/strong>. Seile zum Festhalten sind an den Felsw\u00e4nden montiert. Zwei Meter neben mir geht es verdammt tief runter. Dieser Abschnitt ist wirklich nichts f\u00fcr schwache Nerven. Aber wieder einmal wird die \u00dcberwindung mit einem sagenhaften Ausblick belohnt. Die letzten Kilometer sind entspannt und f\u00fchren durch endloses Gr\u00fcn.<\/p>\n<p>Dann, aus dem Nichts steht irgendwo im Nirgendwo das ersehnte Ziel: das Refugio Tossals Verds. Das H\u00e4uschen aus braunem Sandstein k\u00f6nnte genauso gut eine rustikale 5-Sterne-Unterkunft sein. Sowohl das Essen (H\u00e4hnchen mit Kartoffeln) als auch die Betten sind ein Traum.<\/p>\n<h2><a name=\"_Toc252634159\"><\/a>Dritter Wandertag auf Mallorca \u2013 von Tossals Verds nach Lluc<\/h2>\n<p>Nach einer sehr erholsamen Nacht mache ich mich am n\u00e4chsten Tag wieder auf den Weg. Mein Plan f\u00fcr heute ist der <strong>13 Kilometer<\/strong> lange Weg nach <strong>Lluc<\/strong> mit einem Abstecher auf den Gipfel des <strong>zweith\u00f6chsten Berges Mallorcas<\/strong>. Je weiter der Weg sich von der K\u00fcste entfernt, desto dramatischer wird die Landschaft. Jetzt \u00fcberwiegen weite, mit harten Gr\u00e4sern und Ger\u00f6ll bedeckte Ebenen. Nach drei Tagen haben sich meine F\u00fc\u00dfe an das t\u00e4gliche Laufen gew\u00f6hnt und auch der Gedanke an den Anstieg auf den 1300 Meter hohen Berg erf\u00fcllt mich mit Euphorie. Leider ist das Wetter heute nicht auf meiner Seite und der Ausblick \u00fcber die herrliche Landschaft wird von Nebel und Nieselregen getr\u00fcbt. Das bringt mich aber nicht vom Gipfelaufstieg ab!<\/p>\n<p>Ich kann jedem nur empfehlen: Auch bei Regen und st\u00fcrmischen Winden lohnt sich so ein Anstieg, denn der Blick auf ein graues Wolkenmeer hat durchaus Charme und seinen Reiz. Jedoch macht das Wandern in feuchter Kleidung einfach nicht so viel Spa\u00df und ich bin froh, als ich am Nachmittag in Lluc ankomme. Die<strong> weiten Ebenen<\/strong> wurden abgel\u00f6st von einem <strong>dunkelgr\u00fcnen Wald<\/strong>. Das Refugio \u201eSon Amer\u201c \u00e4hnelt einer Burg, liegt erh\u00f6ht auf einem Berg \u00fcber der Stadt Lluc und ist ebenso gem\u00fctlich und komfortabel wie die Unterk\u00fcnfte der letzten Tage. Zum Abendessen wird ein guter spanischer Rotwein gereicht und schnell bildet sich eine gesellige Runde mit anderen Wanderern. Das Wetter hat sich gebessert und wir sitzen bis sp\u00e4t in die Nacht drau\u00dfen, tauschen unsere Erfahrungen und Erlebnisse aus und genie\u00dfen den Blick \u00fcber den umliegenden Wald und die Stadt.<\/p>\n<div class=\"otw-sc-box bordered bordered\"><div><b>Unser Lesetipp f\u00fcr alle Aktivurlauber: <\/b><a href=\"https:\/\/www.5vorflug.de\/blog\/5vorflug-reisewelt\/europa\/reisetipps-mallorca-im-winter\/\" target=\"_blank\" rel=\"noopener noreferrer\">Radfahren und Wandern auf Mallorca im Winter<\/a><\/div><\/div>\n<h2><a name=\"_Toc252634160\"><\/a>Vierter und letzter Wandertag auf Mallorca \u2013 von Lluc nach Pollenca<\/h2>\n<p>Ich kann es am Morgen gar nicht ganz fassen, dass heute schon der letzte Wandertag ansteht. Einerseits f\u00fchlt es sich an, als w\u00e4re die Zeit im Flug vergangen, andererseits birgt jeder Tag den Erfahrungswert einer ganzen Woche. Ich nehme mir vor, die letzten <strong>20 Kilometer<\/strong> heute noch mal richtig zu genie\u00dfen. Nach zwei Tagen Isolation in der Gebirgswelt der mallorquinischen Nordk\u00fcste n\u00e4hert sich der Weg nun wieder der Zivilisation. Immer \u00f6fter f\u00fchrt der GR221 heute \u00fcber geteerte Stra\u00dfen und man trifft wieder Menschen ohne Wanderrucksack.<\/p>\n<p>Mit der Sch\u00f6nheit der wilden Natur der letzten Tage kann dieser letzte Wanderabschnitt nicht mithalten, dennoch ist es ein sch\u00f6nes Ende meines Wanderurlaubs. Ein bisschen wehm\u00fctig, aber auch stolz bin ich, als ich mit meinem Rucksack, zerzausten Haaren und mehr oder weniger dreckiger Kleidung in <strong>Pollenca<\/strong> ankomme. Es beginnt ein letzter Abend, um die Erlebnisse der letzten Woche Revue passieren zu lassen. Morgen geht es mit dem Bus nach Palma und anschlie\u00dfend zur\u00fcck nach Deutschland. Obwohl die letzten Tage k\u00f6rperlich sicher zu den anstrengendsten des Jahres geh\u00f6ren, f\u00fchle ich mich total erholt und ausgeruht.<\/p>\n<p><img decoding=\"async\" loading=\"lazy\" class=\"aligncenter size-full wp-image-17073\" src=\"https:\/\/www.5vorflug.de\/blog\/wp-content\/uploads\/2019\/04\/Pollensa-Mallorca.jpg\" alt=\"Pollensa-Mallorca\" width=\"880\" height=\"519\" srcset=\"https:\/\/www.5vorflug.de\/blog\/wp-content\/uploads\/2019\/04\/Pollensa-Mallorca.jpg 880w, https:\/\/www.5vorflug.de\/blog\/wp-content\/uploads\/2019\/04\/Pollensa-Mallorca-300x177.jpg 300w, https:\/\/www.5vorflug.de\/blog\/wp-content\/uploads\/2019\/04\/Pollensa-Mallorca-768x453.jpg 768w\" sizes=\"(max-width: 880px) 100vw, 880px\" \/><\/p>\n<p>Ich glaube, das ist es, was Wanderungen wie den GR221 oder den amerikanischen Pacific Crest Trail oder den Jakobsweg so attraktiv machen. Man findet zu sich selbst, kann die Hektik des Alltags hinter sich lassen und lernt, die Welt aus einem neuen Blickwinkel zu betrachten. Man bekommt wieder ein Gef\u00fchl f\u00fcr die Dinge, die wirklich wichtig sind, und lernt auch Kleinigkeiten wertzusch\u00e4tzen. Ich werde n\u00e4chstes Jahr bestimmt wiederkommen, um Erholung und mich selbst zu finden.<\/p>\n<div class=\"otw-sc-box bordered bordered\"><div><b>Noch mehr Wandertipps f\u00fcr Mallorca: <\/b><a href=\"https:\/\/www.5vorflug.de\/blog\/5vorflug-reisewelt\/europa\/die-schoensten-wanderrouten-auf-mallorca\/\" target=\"_blank\" rel=\"noopener noreferrer\">Die sch\u00f6nsten Wanderrouten auf Mallorca<\/a><\/div><\/div>\n","protected":false},"excerpt":{"rendered":"<p>Mallorca kann noch viel mehr als nur Ballermann! Vor allem f\u00fcr Aktivurlauber ist die Insel das ideale Reiseziel. Im Fr\u00fchling und Herbst sind die Temperaturen optimal f\u00fcr ausgedehnte Wander- oder Radtouren und das Beste: Bei der sportlichen Bet\u00e4tigung gibt es auf Mallorca eine wundersch\u00f6ne Landschaft zu erkunden. Unsere Autorin verbrachte ihren Urlaub auf dem Fernwanderweg &#8230;<\/p>\n","protected":false},"author":58,"featured_media":6802,"comment_status":"open","ping_status":"open","sticky":false,"template":"","format":"standard","meta":{"ngg_post_thumbnail":0},"categories":[74,7,1224],"tags":[1258,284,61,1599,1614],"aioseo_notices":[],"_links":{"self":[{"href":"https:\/\/www.5vorflug.de\/blog\/wp-json\/wp\/v2\/posts\/17068"}],"collection":[{"href":"https:\/\/www.5vorflug.de\/blog\/wp-json\/wp\/v2\/posts"}],"about":[{"href":"https:\/\/www.5vorflug.de\/blog\/wp-json\/wp\/v2\/types\/post"}],"author":[{"embeddable":true,"href":"https:\/\/www.5vorflug.de\/blog\/wp-json\/wp\/v2\/users\/58"}],"replies":[{"embeddable":true,"href":"https:\/\/www.5vorflug.de\/blog\/wp-json\/wp\/v2\/comments?post=17068"}],"version-history":[{"count":8,"href":"https:\/\/www.5vorflug.de\/blog\/wp-json\/wp\/v2\/posts\/17068\/revisions"}],"predecessor-version":[{"id":19008,"href":"https:\/\/www.5vorflug.de\/blog\/wp-json\/wp\/v2\/posts\/17068\/revisions\/19008"}],"wp:featuredmedia":[{"embeddable":true,"href":"https:\/\/www.5vorflug.de\/blog\/wp-json\/wp\/v2\/media\/6802"}],"wp:attachment":[{"href":"https:\/\/www.5vorflug.de\/blog\/wp-json\/wp\/v2\/media?parent=17068"}],"wp:term":[{"taxonomy":"category","embeddable":true,"href":"https:\/\/www.5vorflug.de\/blog\/wp-json\/wp\/v2\/categories?post=17068"},{"taxonomy":"post_tag","embeddable":true,"href":"https:\/\/www.5vorflug.de\/blog\/wp-json\/wp\/v2\/tags?post=17068"}],"curies":[{"name":"wp","href":"https:\/\/api.w.org\/{rel}","templated":true}]}}