{"id":15022,"date":"2018-09-16T10:41:03","date_gmt":"2018-09-16T08:41:03","guid":{"rendered":"https:\/\/www.5vorflug.de\/blog\/?p=15022"},"modified":"2019-08-01T12:36:38","modified_gmt":"2019-08-01T10:36:38","slug":"wanderurlaub-im-herbst","status":"publish","type":"post","link":"https:\/\/www.5vorflug.de\/blog\/5vorflug-reisewelt\/europa\/wanderurlaub-im-herbst\/","title":{"rendered":"\u00dcber Stock, Stein und bunte Bl\u00e4tter: Wanderurlaub im Herbst"},"content":{"rendered":"<p><strong>Wenn die Sommerhitze langsam nachl\u00e4sst, der Strandurlaub schon einige Zeit zur\u00fcckliegt und die Tage wieder k\u00fcrzer werden, dann kommt der Herbst. Dass gerade diese Jahreszeit so beliebt f\u00fcr Wanderungen ist, hat viele Gr\u00fcnde. Zum einen will man nochmal ein paar Tage in der Natur verbringen, bevor der Winter mit Schnee und K\u00e4lte Einzug h\u00e4lt. Zum anderen sind nat\u00fcrlich die bunt gef\u00e4rbten W\u00e4lder ein absolutes Highlight im Wechsel der Jahreszeiten, insbesondere wenn es sich auch noch um einen \u201egoldenen Herbst\u201c mit dieser wunderbar milden Nachmittagssonne handelt, die man kaum irgendwo besser genie\u00dfen kann als auf einem Berggipfel oder einer Bergh\u00fctte.<\/strong><\/p>\n<p>F\u00fcr einen Wanderurlaub im Herbst gibt es zahlreiche Ziele, die sich bestens daf\u00fcr eignen, nochmal ein bisschen frische Luft zu schnuppern, gr\u00fcne Landschaften zu durchstreifen und so seinen Energiespeicher f\u00fcr die tr\u00fcbe Jahreszeit aufzuf\u00fcllen. Wo Herbstwandern besonders sch\u00f6n, interessant und vielseitig ist, das haben wir f\u00fcr euch hier zusammengestellt. Au\u00dferdem gibt es noch Tipps f\u00fcr die Vorbereitung eures herbstlichen Ausflugs in die Natur.<\/p>\n<h2>Wandern im Herbst: das m\u00fcsst ihr beachten!<\/h2>\n<p>Gleichg\u00fcltig f\u00fcr welches Wanderziel ihr euch entscheidet, ein paar Dinge solltet ihr bereits bei der Planung und Vorbereitung beachten, damit eure Herbstwanderung nicht wortw\u00f6rtlich ins Wasser f\u00e4llt. Dazu geh\u00f6ren vor allem das Wetter, die Kleidung\/Ausr\u00fcstung und eine umsichtige Planung der Routen.<\/p>\n<h2>Wanderurlaub im Herbst: Das Wetter spielt mit oder auch nicht<\/h2>\n<p>Wie gesagt, Herbst ist eine \u00e4u\u00dferst beliebte Jahreszeit f\u00fcr Wanderungen. Allerdings kann ein Herbst so oder so sein. Besonders in h\u00f6heren Lagen schl\u00e4gt das Wetter zudem gerne mal schnell um. Wo gerade noch sch\u00f6nste Herbstsonne die Berggipfel verzaubert hat, ziehen pl\u00f6tzlich bedrohliche Wolken auf. Das Wetter spielt eine ma\u00dfgebliche Rolle beim Herbstwandern. Darauf m\u00fcsst ihr euch einfach einstellen.<\/p>\n<p>Am besten sucht ihr euch ein Wanderziel aus, wo das Wetter im Herbst relativ best\u00e4ndig ist, wie beispielsweise auf Madeira oder an der Lykischen K\u00fcste in der T\u00fcrkei. Es spricht aber auch nichts gegen Hochlagen, die im Herbst ja durchaus einen besonderen Reiz haben. In den Pyren\u00e4en oder in der Hohen Tatra k\u00f6nnt ihr vielleicht schon auf dem ersten Neuschnee wandern, w\u00e4hrend die bunten W\u00e4lder ringsherum einen tollen Kontrast dazu bilden. Wichtig ist nur, dass ihr auf alle Wetterlagen eingestellt seid. Nat\u00fcrlich auch auf m\u00f6glichen Regen, der euch vielleicht bei eurer Wanderung durch den Hunsr\u00fcck \u00fcberraschen kann. Die Information \u00fcber den aktuellen Wetterbericht ist also vor jeder Wanderung Pflicht und selbstredend auch die richtige Kleidung und Ausr\u00fcstung.<\/p>\n<p><img decoding=\"async\" loading=\"lazy\" class=\"aligncenter size-full wp-image-15037\" src=\"https:\/\/www.5vorflug.de\/blog\/wp-content\/uploads\/2018\/09\/Wandererin-im-Wald.jpg\" alt=\"Wandererin im Wald\" width=\"880\" height=\"587\" srcset=\"https:\/\/www.5vorflug.de\/blog\/wp-content\/uploads\/2018\/09\/Wandererin-im-Wald.jpg 880w, https:\/\/www.5vorflug.de\/blog\/wp-content\/uploads\/2018\/09\/Wandererin-im-Wald-300x200.jpg 300w, https:\/\/www.5vorflug.de\/blog\/wp-content\/uploads\/2018\/09\/Wandererin-im-Wald-768x512.jpg 768w\" sizes=\"(max-width: 880px) 100vw, 880px\" \/><\/p>\n<h2>Kleiderordnung f\u00fcr eure Herbstwanderung<\/h2>\n<p>Am wichtigsten sind die Schuhe. Sie m\u00fcssen stabil, wetterfest und bequem sein. Nichts ist schlimmer als mit Blasen an den F\u00fc\u00dfen noch etliche Kilometer vor sich zu haben. F\u00fcr die Wanderkleidung gilt das Zwiebelprinzip. Die Kleidung sollte so gew\u00e4hlt werden, dass ihr je nach Wetterlage immer schnell etwas ausziehen oder \u00fcberziehen k\u00f6nnt. Wetterfest und bequem sollte nat\u00fcrlich auch die gesamte Kleidung sein. Eine Kopfbedeckung (f\u00fcr Sonne und gegen K\u00e4lte) geh\u00f6rt auch mit ins Gep\u00e4ck.<\/p>\n<h2>Die richtige Planung f\u00fcr euren herbstlichen Wanderurlaub<\/h2>\n<p>Zur richtigen Planung geh\u00f6rt eine gute Routenvorbereitung. Die betrifft wiederum verschiedene Aspekte. Als erstes ist es wichtig, dass ihre eure Kondition und eure Wanderf\u00e4higkeiten richtig einsch\u00e4tzt und keine Touren plant, die euch dann eventuell \u00fcberfordern. Im Herbst k\u00f6nnen auch schon einige Streckenabschnitte wegen Schnee (z.B. in der Hohen Tatra) oder wegen Bergwasser (in Schluchten) gesperrt sein. Da m\u00fcsst ihr euch vorher ggf. informieren.<\/p>\n<h2>Welche Ausr\u00fcstung braucht ihr f\u00fcr euren Wanderurlaub im Herbst?<\/h2>\n<p>Neben den richtigen Schuhen und der richtigen Kleidung braucht ihr einen ordentlichen Rucksack, in dem ihr alles verstauen k\u00f6nnt, was ihr auf eine Wanderung mitnehmen m\u00fcsst. In den Rucksack hinein kommen Sonnebbrille (ggf. Gletscherbrille) und Sonnencreme mit einem hohen Sonnenschutzfaktor, Regenkleidung, ausreichend Proviant und Trinkwasser, eine Taschenlampe (z.B. f\u00fcr Tunneldurchquerungen) und eine detaillierte Wanderkarte. Au\u00dferdem sollte mindestens einer in der Gruppe ein Erste-Hilfe-Set (mit Blasenpflaster) dabei haben.<\/p>\n<p>Ob ihr Wanderst\u00f6cke mitnehmt, ist Geschmackssache. Sie k\u00f6nnen auf manchen Strecken jedoch durchaus hilfreich sein. Ein Fernglas ist auf jeden Fall eine gute Sache, das erweitert den Horizont. Fragt sich nur noch, wo es beim herbstlichen Wanderurlaub hingehen soll?<\/p>\n<p><img decoding=\"async\" loading=\"lazy\" class=\"aligncenter size-full wp-image-15035\" src=\"https:\/\/www.5vorflug.de\/blog\/wp-content\/uploads\/2018\/09\/kochen-beim-Wandern.jpg\" alt=\"kochen beim Wandern\" width=\"880\" height=\"584\" srcset=\"https:\/\/www.5vorflug.de\/blog\/wp-content\/uploads\/2018\/09\/kochen-beim-Wandern.jpg 880w, https:\/\/www.5vorflug.de\/blog\/wp-content\/uploads\/2018\/09\/kochen-beim-Wandern-300x199.jpg 300w, https:\/\/www.5vorflug.de\/blog\/wp-content\/uploads\/2018\/09\/kochen-beim-Wandern-768x510.jpg 768w\" sizes=\"(max-width: 880px) 100vw, 880px\" \/><\/p>\n<h2>Die sch\u00f6nsten Ziele f\u00fcr einen Wanderurlaub im Herbst<\/h2>\n<h3>Wandern im Hunsr\u00fcck<\/h3>\n<p>Zwischen Mosel und Rhein liegt eines der sch\u00f6nsten Wandergebiete Deutschlands: der Hunsr\u00fcck. Das Mittelgebirge mit dem ca. 10.000 Hektar gro\u00dfen Nationalpark Hunsr\u00fcck-Hochwald liegt in Rheinland-Pfalz und zu einem kleinen Teil im Saarland. Die h\u00f6chste Erhebung ist der 816 Meter hohe Eberskopf, \u00fcber 40 Prozent der Region sind von Wald bedeckt. Wandern im Herbst ist hier nat\u00fcrlich besonders sch\u00f6n, wenn \u00fcberall die bunten Bl\u00e4tter in der Sonne gl\u00e4nzen.<\/p>\n<p>Der Hunsr\u00fcck geh\u00f6rt zu den am d\u00fcnnsten besiedelten Regionen Deutschlands. Hier k\u00f6nnt ihr also Natur pur erwarten. Gr\u00f6\u00dfere Industrieanlagen hat es hier nie gegeben und auch gr\u00f6\u00dfere St\u00e4dte gibt es nicht. Falls ihr zwischen euren Wandertouren einmal etwas \u201eStadtluft\u201c schnuppern wollt, ist Idar-Oberstein am s\u00fcdlichen Rand des Hunsr\u00fccks ein interessantes Ziel. Es gibt dort eine pittoreske Altstadt und eine beeindruckende Felsenkirche.<\/p>\n<p>Umso mehr M\u00f6glichkeiten bieten sich im Hunsr\u00fcck f\u00fcr ausgiebige Wanderungen, teilweise in fast unber\u00fchrter Natur. Weite Teile des Hunsr\u00fccks bestehen aus Landschaften, die sich in den letzten Jahrhunderten so gut wie nicht ver\u00e4ndert haben. Das weitverzweigte Wandernetz ist hervorragend ausgebaut und bietet einfache bis sehr anspruchsvolle Wandertouren. Zwei der sch\u00f6nsten Touren sind:<\/p>\n<ul>\n<li><strong>Fernwanderweg Saar-Hunsr\u00fcck-Steig:<\/strong> Der 410 Kilometer lange Fernwanderweg Saar-Hunsr\u00fcck-Steig ist der bekannteste Wanderweg im Hunsr\u00fcck. Er verl\u00e4uft von Perl an der Mosel bis nach Boppard am Rhein. Er ist bequem in mehreren Tagesetappen zu machen. Dabei k\u00f6nnt ihr davon ausgehen, dass kein Tag wie der andere sein wird. Mal geht es durch dichten Wald, mal durch weite Wiesenlandschaften, manchmal auch an B\u00e4chen und Fl\u00fcssen entlang oder durch Schluchten und T\u00e4ler. Auf einigen Strecken sind die Pfade schmal und es gibt eine Reihe von steilen Auf- und Abstiegen. Also solltet ihr etwas Kondition, Wandererfahrung und vor allem gutes Schuhwerk mitbringen.<\/li>\n<li><strong>Traumschleife Ehrbachklamm:&nbsp;<\/strong>Im Hunsr\u00fcck werden die Tagestouren als Traumschleife bezeichnet. Eine besonders beeindruckende Traumschleife ist die Wanderung durch die Ehrbachklamm. Die eigentliche Klamm ist ca. zwei Kilometer lang und beginnt kurz hinter der Rauschenm\u00fchle und endet an der Eckm\u00fchle. Dazwischen geht es echt zur Sache. Der Wanderpfad ist teilweise mitten in die Felsen gehauen und f\u00fchrt an steilen H\u00e4ngen vorbei, zum Teil auch \u00fcber schmale Br\u00fccken. Belohnt wird die M\u00fche mit einer grandiosen Gesteins- und Flusslandschaft.<\/li>\n<\/ul>\n<p><img decoding=\"async\" loading=\"lazy\" class=\"aligncenter size-full wp-image-15029\" src=\"https:\/\/www.5vorflug.de\/blog\/wp-content\/uploads\/2018\/09\/Wandern-im-Hunsr\u00fcckl.jpg\" alt=\"Wandern im Hunsr\u00fcck\" width=\"880\" height=\"587\" srcset=\"https:\/\/www.5vorflug.de\/blog\/wp-content\/uploads\/2018\/09\/Wandern-im-Hunsr\u00fcckl.jpg 880w, https:\/\/www.5vorflug.de\/blog\/wp-content\/uploads\/2018\/09\/Wandern-im-Hunsr\u00fcckl-300x200.jpg 300w, https:\/\/www.5vorflug.de\/blog\/wp-content\/uploads\/2018\/09\/Wandern-im-Hunsr\u00fcckl-768x512.jpg 768w\" sizes=\"(max-width: 880px) 100vw, 880px\" \/><\/p>\n<h3>Herbstwandern auf Madeira<\/h3>\n<p>Die portugiesische Insel mitten im Atlantik geh\u00f6rt zu den Top-Wanderzielen in Europa. Im Norden f\u00fchren die ber\u00fchmten Levada-Wanderwege durch zerkl\u00fcftetes Gebirge, im S\u00fcden durch eine sanfte und bl\u00fchende Landschaft. Au\u00dferdem ist die \u201eBlumeninsel\u201c perfekt f\u00fcr einen Wanderurlaub im Herbst. Die Temperaturen liegen dann bei angenehmen 18-24 Grad und mit Regen m\u00fcsst ihr kaum rechnen.<\/p>\n<p>Madeira macht seinem Namen als Wanderinsel alle Ehre. Das gut in Stand gehaltene Wanderwegenetz ist hervorragend ausgeschildert und gekennzeichnet. An den Startpunkten gibt es in der Regel eine ausf\u00fchrliche Beschreibung der Strecke. Was ihr allerdings ber\u00fccksichtigen solltet ist, dass es auf Madeira nur wenige Rundwanderwege gibt, meistens sind es Streckenwanderungen. Ihr m\u00fcsst also den R\u00fcckweg mit einplanen, entweder zu Fu\u00df oder mit \u00f6ffentlichen Verkehrsmitteln.<\/p>\n<p>Von einfachen Spazierwegen, die auch mit Kindern gut zu machen sind, bis hin zu alpinen Touren im Zentralmassiv rund um den 1.862 Meter hohen Pico Ruiovo findet ihr auf Madeira alles, Kletterpartien inklusive. Das absolute Highlight sind jedoch die Wanderungen entlang der Levadas. Das sind Bew\u00e4sserungskan\u00e4le, die sich in einem \u00fcber 2.000 Kilometer langen Netz durch die ganze Insel ziehen. Entlang dieser Levadas liegen einige der sch\u00f6nsten Wanderouten Madeiras. Hier die allersch\u00f6nste:<\/p>\n<p><strong>Levada-Wanderung \u201eCaldeir\u00e3o Verde&#8220;:<\/strong>&nbsp;Die 13 Kilometer lange Wanderung beginnt oberhalb des Ortes Santana an der Nordk\u00fcste Madeiras im Park von Queimadas auf 883 m H\u00f6he. Sie ist zum gr\u00f6\u00dften Teil ebenerdig, Anstiege gibt es kaum. Daf\u00fcr spektakul\u00e4re Aussichten in das \u201eGr\u00fcne Tal\u201c, was Caldeir\u00e3o Verde auf Deutsch \u00fcbersetzt hei\u00dft, und auch immer wieder Ausblicke auf das Meer. Der Weg entlang der Levada ist mitten in die Felsen gehauen und f\u00fchrt teilweise an steilen Abh\u00e4ngen entlang, ist aber gut gesichert. Schwindelfrei solltet ihr aber schon sein. Falls es euch unterwegs zu warm werden sollte, habt ihr immer wieder die M\u00f6glichkeit, euch bei einem Wasserfall zu erfrischen. Davon gibt es einige auf dem Weg. Allerdings auch zwei l\u00e4ngere Tunnel, die ihr durchqueren m\u00fcsst und f\u00fcr die ihr am besten eine Taschenlampe mitnehmt. Am Ende des Wanderwegs st\u00fcrzt sich ein Wasserfall direkt in das \u201eGr\u00fcne Tal\u201c.<\/p>\n<p><a href=\"https:\/\/www.5vorflug.de\/angebote\/urlaub-madeira.html\" target=\"_blank\" rel=\"noopener noreferrer\">Die passenden Angebote f\u00fcr euren Wanderurlauf auf Madeira findet ihr \u00fcbrigens auf 5vorFlug.de.<\/a><\/p>\n<p><img decoding=\"async\" loading=\"lazy\" class=\"aligncenter size-full wp-image-15031\" src=\"https:\/\/www.5vorflug.de\/blog\/wp-content\/uploads\/2018\/09\/Wandern-auf-Madeira.jpg\" alt=\"Wandern auf Madeira\" width=\"880\" height=\"587\"><\/p>\n<h3>Pyr\u00e4nen: Auf dem Gran-Bucle-Rundwanderweg durch ein Naturparadies<\/h3>\n<p>Die Bergkette der Pyren\u00e4en erstreckt sich zwischen Frankreich und Spanien auf einer L\u00e4nge von \u00fcber 430 Kilometern. Lange Zeit war das unzug\u00e4ngliche Gebirge nicht viel mehr als ein Hindernis, das auf der Fahrt an die Str\u00e4nde der Costa Brava \u00fcberwunden werden musste. Das hat sich in den letzten Jahren grundlegend ge\u00e4ndert. Mittlerweile haben vor allem Wanderfreunde und Wintersportler entdeckt, dass auch der Norden Kataloniens ein lohnenswertes Reiseziel ist.<\/p>\n<p>Die lange Abgeschiedenheit der Pyren\u00e4en macht sich heute bezahlt. Die fast unber\u00fchrte, bis zu 4.300 Meter hohe Bergwelt mit ihren zahlreichen T\u00e4lern, ist zur Heimat einer vielseitigen Flora und Fauna geworden. Auf Wanderungen durch das zerkl\u00fcftete Gebirge k\u00f6nnt ihr mit etwas Gl\u00fcck beobachten, wie Steinadler und G\u00e4nsegeier ihre Runden am Himmel ziehen.<\/p>\n<p>Was die Pyren\u00e4en aber ganz besonders auszeichnet, ist ihr sagenhafter Wasserreichtum. Es ist kaum m\u00f6glich, dass ihr auf einer Wandertour nicht an einem Fluss, einem kristallklaren See oder an einem Wasserfall vorbeikommt. Eine besonders lohnenswerte Wanderroute liegt in der katalonischen Provinz Lleida im zirka 140 Quadratkilometer gro\u00dfen Nationalpark Aig\u00fcestortes i Estany de Sant Maurici.<\/p>\n<p><strong>Der Gran Bucle Rundwanderweg:<\/strong>&nbsp;Der \u201egro\u00dfe Ring\u201c (Gran Bucle) f\u00fchrt euch auf 132 Kilometern durch den Nationalpark und durch einer der faszinierendsten Hochgebirgslandschaften Europas. \u00dcber 200 Gebirgsseen liegen auf dem Weg \u00fcber den Hauptkamm der Pyren\u00e4en. Die Gebirgskette zieht sich vom Atlantik bis zum Mittelmeer und hat dadurch unterschiedliche Wettereinfl\u00fcsse. Die wiederum bringen eine Vielzahl von Mikroklimas hervor. Auf keinem anderen Wanderweg ist so gut zu beobachten, wie unterschiedlich die Fauna durch die Mikroklimas gepr\u00e4gt wird. Anfang- und Endpunkt des Gran Bucle Rundwanderwegs ist der katalonische Ort Vielha. Am besten ist die Tour in sechs bis sieben Tagesetappen zu schaffen. Die Strecke ist gut ausgebaut, allerdings gibt es einige H\u00f6henunterschiede zu bew\u00e4ltigen. Die Kondition sollte also nicht die schlechteste sein. Auf den einzelnen Etappen gibt es immer wieder Service Stationen. \u00dcbernachtungsm\u00f6glichkeiten findet ihr in den uralten Bergd\u00f6rfern, die teilweise wie aus der Zeit gefallen wirken.<\/p>\n<p><img decoding=\"async\" loading=\"lazy\" class=\"aligncenter size-full wp-image-15034\" src=\"https:\/\/www.5vorflug.de\/blog\/wp-content\/uploads\/2018\/09\/Wandern-Pyren\u00e4en.jpg\" alt=\"Wandern Pyren\u00e4en\" width=\"880\" height=\"583\" srcset=\"https:\/\/www.5vorflug.de\/blog\/wp-content\/uploads\/2018\/09\/Wandern-Pyren\u00e4en.jpg 880w, https:\/\/www.5vorflug.de\/blog\/wp-content\/uploads\/2018\/09\/Wandern-Pyren\u00e4en-300x199.jpg 300w, https:\/\/www.5vorflug.de\/blog\/wp-content\/uploads\/2018\/09\/Wandern-Pyren\u00e4en-768x509.jpg 768w\" sizes=\"(max-width: 880px) 100vw, 880px\" \/><\/p>\n<h3>Herbstwanderung durch die antike Geschichte<\/h3>\n<p>Ausgerechnet an der S\u00fcdk\u00fcste der T\u00fcrkei, die ja in erster Linie f\u00fcr g\u00fcnstigen Strandurlaub bekannt ist, befindet sich ebenfalls ein Wandergebiet, das durch ein unber\u00fchrtes Naturparadies f\u00fchrt. Am s\u00fcdlichsten Ende der t\u00fcrkischen \u00c4g\u00e4isk\u00fcste, zwischen Fethiye und Antalya, liegt eine halbrunde Ausbuchtung, die sich Lykien nennt. Die Bezeichnung stammt vom Volk der Lykier, das lange vor Christus an dieser K\u00fcste siedelte und eine eigene Hochkultur hervorgebracht hat. Die beachtlichen architektonischen Hinterlassenschaften der Lykier pr\u00e4gen bis heute die gesamte Region, zu der nicht nur einer der sch\u00f6nsten K\u00fcsten in der T\u00fcrkei geh\u00f6rt, sondern auch ein Teil des bis zu 3.000 Meter hohen Taurus-Gebirges. Die zahlreichen antiken Ausgrabungsst\u00e4tten und insbesondere die kunstvollen, teilweise sehr gut erhaltenen Grabst\u00e4tten der Lykier, machen die lykische K\u00fcste und das gebirgige Hinterland zu einer einzigartigen Naturlandschaft. Die \u00dcberreste der einstigen lykischen Hauptstadt Xanthos geh\u00f6ren sogar zum UNESCO Weltkulturerbe. Lykien ist als Wandergebiet schon sehr besonders. Kaum irgendwo k\u00f6nnt ihr in eurem herbstlichen Wanderurlaub Meer, Gebirge und Kultur so perfekt miteinander verbinden. Kein Wunder, dass der Lykische Fernwanderweg zu den beliebtesten Wanderwegen in der T\u00fcrkei z\u00e4hlt.<\/p>\n<p><strong>Der Lykische Fernwanderweg:<\/strong>&nbsp;Wenn ihr sie gesamten 509 Kilometer des Lykischen Fernwanderwegs machen wollt, seid ihr einige Tage zwischen Fethiye und Antalya unterwegs. Es gibt aber auch \u00fcber 20 Etappen, die sich gut f\u00fcr Tagestouren eignen. Zum gr\u00f6\u00dften Teil f\u00fchrt der Wanderweg an der Felsenk\u00fcste entlang, in manchen Streckenabschnitten kommt ihr sogar an einem Strand vorbei (z.B. Patara und Olympos). Im Herbst lohnt es sich noch allemal die Badesachen mitzunehmen. Die einzelnen Etappen gehen von einfach geradeaus bis hin zu herausfordernden Anstiegen auf 2.365 Meter H\u00f6he. Da die gesamtlye Strecke alten Esels- und Handelspfaden folgt, geht es meist \u00fcber enge Steinpisten, die sich f\u00fcr Turnschuhe oder Sneaker eher nicht eignen. Die gesamte Route ist gut markiert und bietet immer wieder tolle Ausblicke \u00fcber das Meer. Aber auch Kiefernw\u00e4lder, Erdbeer- und Johannisbrotb\u00e4ume, Zedern und Wacholder begegnen euch auf dem Weg. \u00dcbernachtungsm\u00f6glichkeiten findet ihr in kleinen Pensionen oder auf Zeltpl\u00e4tzen.&nbsp;<\/p>\n<p>Nach einer anstrengenden Wandertour d\u00fcrfen ein paar entspannte Tage am Strand nat\u00fcrlich nicht fehlen, um sich so richtig vom Alltag auszuklinken und zu erholen. <a href=\"https:\/\/www.5vorflug.de\/angebote\/tuerkische-aegaeis.html\" target=\"_blank\" rel=\"noopener noreferrer\">Auf 5vorFlug findet ihr viele Angebote f\u00fcr einen Badeurlaub an der T\u00fcrkischen \u00c4g\u00e4is.<\/a><\/p>\n<p><img decoding=\"async\" loading=\"lazy\" class=\"aligncenter size-full wp-image-15033\" src=\"https:\/\/www.5vorflug.de\/blog\/wp-content\/uploads\/2018\/09\/Gr\u00e4ber-Lykische-K\u00fcste.jpg\" alt=\"Gr\u00e4ber Lykische K\u00fcste\" width=\"879\" height=\"591\" srcset=\"https:\/\/www.5vorflug.de\/blog\/wp-content\/uploads\/2018\/09\/Gr\u00e4ber-Lykische-K\u00fcste.jpg 879w, https:\/\/www.5vorflug.de\/blog\/wp-content\/uploads\/2018\/09\/Gr\u00e4ber-Lykische-K\u00fcste-300x202.jpg 300w, https:\/\/www.5vorflug.de\/blog\/wp-content\/uploads\/2018\/09\/Gr\u00e4ber-Lykische-K\u00fcste-768x516.jpg 768w, https:\/\/www.5vorflug.de\/blog\/wp-content\/uploads\/2018\/09\/Gr\u00e4ber-Lykische-K\u00fcste-290x195.jpg 290w\" sizes=\"(max-width: 879px) 100vw, 879px\" \/><\/p>\n<h3>Die Hohe Tatra in der Slowakei und Polen<\/h3>\n<p>Die Hohe Tatra ist das Grenzgebirge zwischen Polen und der Slowakei und die h\u00f6chste Erhebung der Karpaten. Sowohl auf polnischer als auch auf slowakischer Seite ist der Gebirgszug zum gr\u00f6\u00dften Teil Nationalpark. Ein bisschen erinnert die Hohe Tatra an die Alpen, allerdings ist sie noch wesentlich unber\u00fchrter und urspr\u00fcnglicher. \u00dcber 300 Pflanzenarten konnten hier \u00fcberleben, genauso wie eine ganze Reihe von Wildtieren, darunter beispielsweise die Tatra-G\u00e4mse, Luchse und Murmeltiere. Der h\u00f6chste Gipfel ist mit 2.655 Meter der Gerlachovsk\u00fd \u0161t\u00edt (Gerlachspitze) auf slowakischer Seite.<\/p>\n<p>Auf der polnischen Seite, zu der zirka ein Drittel der Hohen Tatra geh\u00f6rt, und auf der slowakischen Seite gibt es mittlerweile ein gut ausgebautes Netz von Wanderwegen mit unterschiedlichen Schwierigkeitsgraden, die meistens jedoch eher anspruchsvoll sind. Einige Wanderwege sind sehr steil, teilweise ist auch Klettern erforderlich. Damit muss man in der Hohen Tatra \u00f6fters rechnen, auch wenn die Wanderwege erst einmal ganz harmlos beginnen. \u00dcbernachten k\u00f6nnt ihr entweder in Unterk\u00fcnften in den Orten, die teilweise sehr sch\u00f6ne Kurorte sind, oder in bewirtschafteten H\u00fctten, die wirklich sehr g\u00fcnstig sind.<\/p>\n<ul>\n<li><strong>Wandern auf der slowakischen Seite &#8211; Tatra-Magistrale:<\/strong>&nbsp;Der bekannteste Wanderweg auf slowakischer Seite ist die 46 Kilometer lange Tatra-Magistrale, die sich leicht in drei Tagen bewerkstelligen l\u00e4sst oder im Rahmen von Tagestouren bewandert werden kann. Die gesamte Strecke ist gut ausgeschildert und gut ausgebaut. Fast \u00fcberall ist sie \u00fcber einen Meter breit, so dass sie sich auch f\u00fcr nicht so ge\u00fcbte Wanderer und f\u00fcr Familien eignet. Wer allerdings die an der Magistrale liegenden Gipfel besteigen will, muss wissen, dass er den Pfad der Bequemlichkeit verl\u00e4sst. Die Route bietet viele unterschiedliche Landschaften und beeindruckende Ausblicke auf die Bergwelt der Hohen Tatra.<\/li>\n<li><strong>Wandern auf der polnischen Seite &#8211; Ein Meerauge und f\u00fcnf Seen:<\/strong>&nbsp;Der wohl bekannteste Wanderweg auf polnischer Seite ist der neun Kilometer lange Wanderweg zum Meerauge (Morski Oko), dem gr\u00f6\u00dften See der Hohen Tatra. Der Weg ist asphaltiert, geht aber einigerma\u00dfen steil bergauf. Wer ausnahmsweise einmal nicht wandern will, kann auch am Eingang zum Nationalpark eine Pferdekutsche nehmen. Vom See aus f\u00fchrt eine anspruchsvolle 4 st\u00fcndige Wanderoute auf den 2.499 Meter hohen Rysy. Etwas (aber nur etwas!) gem\u00fctlicher ist die Tour zum Tal der f\u00fcnf polnischen Seen, die auf dem Weg zum Meerauge abzweigt.<\/li>\n<\/ul>\n<p>Ihr braucht noch mehr Infos f\u00fcr euren Urlaub in Polen? Dann sind unsere <a href=\"https:\/\/www.5vorflug.de\/blog\/5vorflug-reisewelt\/europa\/urlaub-in-polen\/\" target=\"_blank\" rel=\"noopener noreferrer\">Reisetipps zu unserem tourististisch noch recht unbekannten Nachbarn Polen<\/a> genau das Richtige!<\/p>\n<p><img decoding=\"async\" loading=\"lazy\" class=\"aligncenter size-full wp-image-15030\" src=\"https:\/\/www.5vorflug.de\/blog\/wp-content\/uploads\/2018\/09\/Wandern-in-der-Hohen-Tatra.jpg\" alt=\"Wandern in der Hohen Tatra\" width=\"880\" height=\"587\" srcset=\"https:\/\/www.5vorflug.de\/blog\/wp-content\/uploads\/2018\/09\/Wandern-in-der-Hohen-Tatra.jpg 880w, https:\/\/www.5vorflug.de\/blog\/wp-content\/uploads\/2018\/09\/Wandern-in-der-Hohen-Tatra-300x200.jpg 300w, https:\/\/www.5vorflug.de\/blog\/wp-content\/uploads\/2018\/09\/Wandern-in-der-Hohen-Tatra-768x512.jpg 768w\" sizes=\"(max-width: 880px) 100vw, 880px\" \/><\/p>\n<div class=\"clear\"><\/div><div class=\"divider\"><\/div>\n<p>Ihr wollt lieber im Fr\u00fchjahr oder im Sommer einen Wanderurlaub machen? Kein Problem, nat\u00fcrlich gibt es bei uns auch Tipps f\u00fcr einen <a href=\"https:\/\/www.5vorflug.de\/blog\/expertentipps\/wanderurlaub-im-fruehling\/\" target=\"_blank\" rel=\"noopener noreferrer\">Wanderurlaub im Fr\u00fchjahr<\/a> und einen <a href=\"https:\/\/www.5vorflug.de\/blog\/5vorflug-reisewelt\/europa\/wanderurlaub-im-sommer\/\" target=\"_blank\" rel=\"noopener noreferrer\">sommerlichen Wanderurlaub<\/a>! <a href=\"https:\/\/www.5vorflug.de\/blog\/5vorflug-reisewelt\/europa\/wanderurlaub-mit-hund\/\" target=\"_blank\" rel=\"noopener noreferrer\">Wenn ihr euren Hund mit auf Wanderungen nehmen wollt, haben wir hier hilfreiche Tipps f\u00fcr euch!<\/a><\/p>\n<div class=\"clear\"><\/div><div class=\"divider\"><\/div>\n","protected":false},"excerpt":{"rendered":"<p>Wenn die Sommerhitze langsam nachl\u00e4sst, der Strandurlaub schon einige Zeit zur\u00fcckliegt und die Tage wieder k\u00fcrzer werden, dann kommt der Herbst. Dass gerade diese Jahreszeit so beliebt f\u00fcr Wanderungen ist, hat viele Gr\u00fcnde. Zum einen will man nochmal ein paar Tage in der Natur verbringen, bevor der Winter mit Schnee und K\u00e4lte Einzug h\u00e4lt. Zum &#8230;<\/p>\n","protected":false},"author":58,"featured_media":15036,"comment_status":"open","ping_status":"open","sticky":false,"template":"","format":"standard","meta":{"ngg_post_thumbnail":0},"categories":[74,7,1065,46],"tags":[1540,1560,1599,1614],"aioseo_notices":[],"_links":{"self":[{"href":"https:\/\/www.5vorflug.de\/blog\/wp-json\/wp\/v2\/posts\/15022"}],"collection":[{"href":"https:\/\/www.5vorflug.de\/blog\/wp-json\/wp\/v2\/posts"}],"about":[{"href":"https:\/\/www.5vorflug.de\/blog\/wp-json\/wp\/v2\/types\/post"}],"author":[{"embeddable":true,"href":"https:\/\/www.5vorflug.de\/blog\/wp-json\/wp\/v2\/users\/58"}],"replies":[{"embeddable":true,"href":"https:\/\/www.5vorflug.de\/blog\/wp-json\/wp\/v2\/comments?post=15022"}],"version-history":[{"count":7,"href":"https:\/\/www.5vorflug.de\/blog\/wp-json\/wp\/v2\/posts\/15022\/revisions"}],"predecessor-version":[{"id":17956,"href":"https:\/\/www.5vorflug.de\/blog\/wp-json\/wp\/v2\/posts\/15022\/revisions\/17956"}],"wp:featuredmedia":[{"embeddable":true,"href":"https:\/\/www.5vorflug.de\/blog\/wp-json\/wp\/v2\/media\/15036"}],"wp:attachment":[{"href":"https:\/\/www.5vorflug.de\/blog\/wp-json\/wp\/v2\/media?parent=15022"}],"wp:term":[{"taxonomy":"category","embeddable":true,"href":"https:\/\/www.5vorflug.de\/blog\/wp-json\/wp\/v2\/categories?post=15022"},{"taxonomy":"post_tag","embeddable":true,"href":"https:\/\/www.5vorflug.de\/blog\/wp-json\/wp\/v2\/tags?post=15022"}],"curies":[{"name":"wp","href":"https:\/\/api.w.org\/{rel}","templated":true}]}}