{"id":12482,"date":"2018-03-27T08:23:19","date_gmt":"2018-03-27T06:23:19","guid":{"rendered":"https:\/\/www.5vorflug.de\/blog\/?p=12482"},"modified":"2021-04-21T10:11:11","modified_gmt":"2021-04-21T08:11:11","slug":"radurlaub-im-fruehjahr","status":"publish","type":"post","link":"https:\/\/www.5vorflug.de\/blog\/rund-um\/reisetrends\/radurlaub-im-fruehjahr\/","title":{"rendered":"Radurlaub im Fr\u00fchjahr"},"content":{"rendered":"<p><strong>Fahrradfahren wird in Deutschland immer beliebter \u2013 und das aus gutem Grund. Es trainiert Herz, Lunge, Kreislauf und Muskeln ohne die Gelenke zu belasten. Und es ist gut f\u00fcr die Psyche: Entschleunigung vom Feinsten. Immer mehr Radfahrer entscheiden sich deshalb daf\u00fcr, auch im Urlaub mit dem Fahrrad unterwegs zu sein. Die Travelbike-Analyse 2017 des ADFC zeigt auf, dass 5,2 Millionen Fahrradfahrer aus Deutschland 2016 einen Fahrradurlaub unternommen haben. Es ist auch kein Wunder, dass Radreisen immer popul\u00e4rer werden: Es gibt schlie\u00dflich auf einem Fahrradurlaub tausend Dinge zu entdecken, an denen ihr im Auto einfach vorbeirasen w\u00fcrdet. Jetzt wo die Temperaturen endlich wieder w\u00e4rmer werden, wird es also h\u00f6chste Zeit, sich aufs Rad zu schwingen und den ersten Urlaub des Jahres mit einer ausgiebigen Radtour zu verbinden. Was ihr dabei beachten m\u00fcsst verraten wir euch in unseren Tipps f\u00fcr einen Radurlaub im Fr\u00fchjahr.<\/strong><\/p>\n<h2>Gut vorbereitet auf euren Fahrradurlaub im Fr\u00fchjahr<\/h2>\n<p><img decoding=\"async\" loading=\"lazy\" class=\"alignleft wp-image-12764 size-medium\" src=\"https:\/\/www.5vorflug.de\/blog\/wp-content\/uploads\/2018\/02\/Fahrradfahren-bei-Sonnenuntergang-300x200.jpg\" alt=\"Fahrradfahren-sonnenuntergang\" width=\"300\" height=\"200\">Packt euch nicht auch diese Aufbruchsstimmung wenn die Tage wieder l\u00e4nger werden? Der Fr\u00fchling ist und bleibt einfach die sch\u00f6nste Zeit, um auf Tour zu gehen. \u00dcberall zwitschern die V\u00f6gel und die Natur erstrahlt in ihrem sch\u00f6nsten Gr\u00fcn. Bevor ihr auf die erste Fahrradtour des Jahres geht oder auf einen l\u00e4ngeren Radurlaub antretet, solltet ihr aber noch den Fr\u00fchjahrsputz erledigen &#8211; an eurem Fahrrad versteht sich. Schon beim gr\u00fcndlichen Waschen mit dem Schwamm zeigen sich eventuelle Macken oder Schwachstellen. Kommt aber nicht auf die Idee, einen Hochdruckreiniger zu verwenden \u2013 dabei k\u00f6nnte Wasser in die Rad- oder Tretlager gelangen. Nach dem Trocknen k\u00f6nnt ihr optional eine Politur zum Schutz der Oberfl\u00e4chen auftragen. Und dann kommt der gro\u00dfe Rundum-Check: Stellt euer Fahrrad auf Lenker und Sattel und dreht die Pedale. Da sollte nichts ruckeln oder eiern. Falls etwas nicht rund l\u00e4uft, lasst am besten einen Fachmann das Problem beheben \u2013 es k\u00f6nnte an den Lagern oder an der Gangschaltung liegen. Wenn alles ok ist, braucht ihr nur die Kette zu \u00f6len. Dann f\u00e4hrt es sich gleich viel leichter. Schaut euch auch die Bremskl\u00f6tze an: da gibt es eine Markierung, die anzeigt, ob sie gewechselt werden m\u00fcssen. Die Lichtanlage solltet ihr ebenfalls testen und nachsehen, ob all die d\u00fcnnen Dr\u00e4hte gut verbunden sind. Es ist doch besser, einen wackeligen Kontakt jetzt in Ordnung zu bringen als unterwegs. Dasselbe gilt f\u00fcr Schrauben und Muttern: Wenn ihr sie beim Fr\u00fchjahrs-Check alle nachzieht, verliert ihr sp\u00e4ter keine auf der Stra\u00dfe. Fertig? Dann steht eurem Fahrradurlaub im Fr\u00fchling nichts mehr im Weg.<\/p>\n<h2>Die passende Ausr\u00fcstung f\u00fcr einen Fahrradurlaub im Fr\u00fchjahr<\/h2>\n<p>Damit ihr beim Radwandern auf alle Eventualit\u00e4ten vorbereitet seid, solltet ihr eine Packliste anlegen. Gerade bei einer l\u00e4ngeren Radtour im Fr\u00fchjahr ist \u201eZwiebellook\u201c angesagt. Das Wetter kann im Fr\u00fchling am selben Tag zwischen k\u00fchl, hei\u00df und feucht wechseln. Benutzt mehrere Schichten atmungsaktiver (!) Funktionskleidung und ihr seid auf der sicheren Seite. Wanderschuhe sind schwer und nur bedingt zum Fahrrad fahren geeignet. Es lohnt sich aber trotzdem, ein Paar dabei zu haben \u2013 zum einen leisten sie gute Dienste in unwegsamem Gel\u00e4nde und zum anderen halten sie eure F\u00fc\u00dfe warm, falls eure Turnschuhe einmal nass geworden sind. Erste-Hilfe-Kit, Fahrradflickzeug, Luftpumpe und Ersatzschl\u00e4uche solltet ihr ebenfalls bei eurem Fahrradurlaub nicht vergessen.<\/p>\n<p>Ganz wichtig ist auch noch Sonnenschutzmittel und ein M\u00fccken-Repellent. Im sp\u00e4ten Fr\u00fchjahr sind die fliegenden Plagegeister abends auf Beutezug und ein l\u00e4ngerer Aufenthalt in der Sonne kann auch schon im M\u00e4rz Sonnenbrand verursachen. Mit einem kleinen Solarlader f\u00fcr Batterien und Smartphone seid ihr netzunabh\u00e4ngig \u2013 praktisch f\u00fcr l\u00e4ngere Etappen im Urlaub. Wer zu den aufladbaren Batterien auch noch ein Ersatz-Lampenset f\u00fcr sein Bike mitnimmt, erspart sich unangenehme \u00dcberraschungen im Dunkeln. Und wenn ihr dann auch noch eine Kopflampe dabei habt, seid ihr optimal ausger\u00fcstet. Zum Schluss ein Insidertipp: Gefrierbeutel mit Zip-Verschluss wiegen so gut wie nichts und garantieren eurem Handy und anderen feuchtigkeitsempfindlichen Gegenst\u00e4nden auch beim schlimmsten Wolkenbruch eine sichere Reise.<\/p>\n<h2>Fahrradwandern im S\u00fcden: dem Winter ein Schnippchen schlagen<\/h2>\n<p><img decoding=\"async\" loading=\"lazy\" class=\"alignleft size-medium wp-image-12763\" src=\"https:\/\/www.5vorflug.de\/blog\/wp-content\/uploads\/2018\/02\/Fahrradfahren-am-See-300x200.jpg\" alt=\"\" width=\"300\" height=\"200\" srcset=\"https:\/\/www.5vorflug.de\/blog\/wp-content\/uploads\/2018\/02\/Fahrradfahren-am-See-300x200.jpg 300w, https:\/\/www.5vorflug.de\/blog\/wp-content\/uploads\/2018\/02\/Fahrradfahren-am-See-768x512.jpg 768w, https:\/\/www.5vorflug.de\/blog\/wp-content\/uploads\/2018\/02\/Fahrradfahren-am-See.jpg 1000w\" sizes=\"(max-width: 300px) 100vw, 300px\" \/>Wenn ihr euren Fahrradurlaub im Fr\u00fchling in den S\u00fcden Europas verlegt, trickst ihr den heimischen Winter um mindestens einen Monat aus. Nehmt euren Drahtesel f\u00fcr kleines Geld als Sportgep\u00e4ck auf einem Flug in Richtung Sonne mit und genie\u00dft das junge Gr\u00fcn und die Bl\u00fctenpracht in den mediterranen Regionen Europas. Dann erlebt ihr den Fr\u00fchling gleich zwei Mal: zuerst im Urlaub und anschlie\u00dfend noch ein Mal zu Hause. Damit eurem Radurlaub im Fr\u00fchjahr nichts mehr entgegen steht, haben wir f\u00fcr euch die 5 besten Regionen Europas zum Radwandern im S\u00fcden:<\/p>\n<h3>Kultur, Natur und Gastronomie entlang der Loire<\/h3>\n<p>Kaum eine Radwanderroute in Europa bietet Reisenden per Fahrrad mehr Attraktionen als die 700 km-Tour entlang der franz\u00f6sischen Loire bis zum Meer. \u201eLa Loire a V\u00e9lo\u201c geh\u00f6rt zum europ\u00e4ischen Radwanderweg EuroVelo 6 und verbindet mit seiner Strecke Cuffy in Chers und Saint Br\u00e9vin-les-Pins am Meer. Hier kommt ihr nicht ins Schwitzen \u2013 zwischen Start und Endpunkt sind nur 190 H\u00f6henkilometer zu \u00fcberwinden. Die Route ist optimal f\u00fcr Gelegenheitsradler, Senioren oder Familien mit Kindern.<\/p>\n<p>Mit 40 km empfohlener Etappenl\u00e4nge kommt ihr auf etwa vier Fahrtstunden pro Tag. Euch bleibt also ausreichend Zeit, um die Gegend zu erkunden. Die Wege des Loire-Tals f\u00fchren am letzten wilden Fluss Europas entlang. Unterwegs sto\u00dft ihr auf immense Sandb\u00e4nke, einsame Str\u00e4nde, Fischadler, Silberreiher und Biber. Zwischendurch taucht ihr ein in den Zauber des K\u00f6nigstals mit seinen 18 historischen Schl\u00f6ssern. An den meisten Etappenzielen findet ihr international bekannte kulturelle Highlights \u2013 und jede Stadt hat ihre eigenen kulinarischen Spezialit\u00e4ten.<\/p>\n<p>Eine kulinarische Besonderheit ist in Frankreich nat\u00fcrlich der Wein. Im renommierten Weinbaugebiet Sancerre solltet ihr unbedingt ein Gl\u00e4schen probieren. Das St\u00e4dtchen Sancerre empf\u00e4ngt euch auf einem Felsenh\u00fcgel mit einem bunten Durcheinander winkliger Gassen. Orleans, die \u201eStadt der Kunst und der Geschichte\u201c l\u00e4dt zu einem l\u00e4ngeren Aufenthalt zum Erkunden der ber\u00fchmten Museen und Kathedralen ein. In Blois ist ein Besuch der Lieblingsresidenz aller Renaissance-K\u00f6nige Frankreichs fast schon ein Muss. Und Tours am Zusammenfluss von Loire und Chers punktet mit seiner Kathedrale und den alten Steinh\u00e4usern.<\/p>\n<p>Mit Saumur erreicht ihr dann wieder ein illustres Weinbaugebiet und die Heimat des \u201eCadre Noir\u201c &#8211; der franz\u00f6sischen Elitereitschule. Und wenn ihr in Nantes angekommen seid, k\u00f6nnt ihr zwischen dem Ambiente mittelalterlicher Stadtviertel, dem Hafen und der trendigen Insel \u201eIle de Nantes\u201c w\u00e4hlen. Das Flussdelta der Loire endet bei Saint-Br\u00e9vin-Les-Pins direkt am Meer. Hier habt ihr die Auswahl zwischen quirligem Strandleben und 41 Hektar D\u00fcnenwald zum Relaxen \u2013 eine Top-Location f\u00fcr eure Abschiedsparty. Auf der Suche nach den passenden Unterk\u00fcnften f\u00fcr euren Loire-Fahrrad-Urlaub? Dann schaut doch einmal bei unseren <a href=\"https:\/\/www.5vorflug.de\/destinationen\/lastminute-frankreich.html\" target=\"_blank\" rel=\"noopener noreferrer\">5vorFlug Frankreich-Angeboten<\/a> vorbei.<\/p>\n<p>&nbsp;<\/p>\n<h3>Mallorca abseits der Touristenpfade<\/h3>\n<p>Wenn ihr die Lieblingsinsel der Deutschen einmal aus einer anderen Perspektive kennen lernen m\u00f6chtet, solltet ihr euch dort einen Fahrradurlaub im Fr\u00fchjahr planen &#8211; und zwar m\u00f6glichst zeitig \u2013 am besten Ende M\u00e4rz oder Anfang April. Je fr\u00fcher ihr aufbrecht, desto weniger andere Urlauber sind unterwegs. Das bedeutet einsame Str\u00e4nde, preiswerte Unterk\u00fcnfte, Mandelb\u00e4ume in voller Bl\u00fcte und viel individuelle Aufmerksamkeit in Restaurants. Die Baleareninsel bietet euch mit ihrem milden Klima auch schon in den ersten Fr\u00fchlingsmonaten gutes Wetter f\u00fcr l\u00e4ngere Touren.<\/p>\n<p>Wenn ihr sehr zeitig aufbrecht, solltet ihr anstelle einer Rundreise eher \u201eStandorttouren\u201c von einem bestimmten Ausgangspunkt aus planen \u2013 dann habt ihr die Sicherheit einer festen Unterkunft mit allem Komfort. Die passende <a href=\"https:\/\/www.5vorflug.de\/last-minute\/lastminute-mallorca.html\" target=\"_blank\" rel=\"noopener noreferrer\">Mallorca-Unterkunft<\/a> findet ihr daf\u00fcr nat\u00fcrlich auf 5vorFlug. Mit etwa 1.250 km ausgeschilderten Radwegen findet so ziemlich jeder auf Mallorca die passenden Routen f\u00fcr sein Level. Bei l\u00e4ngeren Touren solltet ihr eure Etappen im Voraus planen und \u2013 je nach Saison \u2013 eure \u00dcbernachtungen reservieren. Auf Mallorca gibt es keine \u00f6ffentlichen Campingpl\u00e4tze und wild Campen ist dort nicht erlaubt.<\/p>\n<p>Sportlich ambitionierte Mountainbiker zieht es in die windige Hochebene der Tramuntana. Gelegenheitsradler bevorzugen eher weniger anstrengenden Touren zu Zielen wie dem Albufera Nationalpark. Diese Radwanderung startet in Alcudia am Passeig Maritim in Richtung Gran Picafort. Nach dem Lago de Esperanza geht es weiter in Richtung Sa Pobla. Hier f\u00fchrt der Weg weiter durch Schilfbest\u00e4nde bis zum Besucherzentrum des Parks. Diese Vierstunden-Tour eignet sich auch f\u00fcr Familien und Senioren.<\/p>\n<p>Wenn ihr eher \u201emittelm\u00e4\u00dfig fit\u201c seid, habt ihr bestimmt Spa\u00df an der 70 km langen Tour von Cala Millor \u00fcber Porto Christo und die Drachenh\u00f6hlen bis nach Arenal. Das Sch\u00f6nste dabei ist: Ihr seid bei dieser Route niemals weit weg vom Meer. Also k\u00f6nnt ihr euch jeden Tag auf eine Runde Faulenzen am Strand freuen. Es gibt so viele spannende Radtouren durch Mallorca, dass ihr euch genau die Strecke zusammenstellen k\u00f6nnt, die zu euren individuellen Interessen passt. Was eure individuellen Interessen sind? Das findet ihr am besten in unseren <a href=\"https:\/\/www.5vorflug.de\/blog\/5vorflug-reisewelt\/europa\/mini-guide-mallorca-urlaub\/\" target=\"_blank\" rel=\"noopener noreferrer\">Mallorca-Reisetipps<\/a> heraus!<\/p>\n<p><img decoding=\"async\" loading=\"lazy\" class=\"aligncenter wp-image-12772 size-full\" src=\"https:\/\/www.5vorflug.de\/blog\/wp-content\/uploads\/2018\/02\/Mallorca.jpg\" alt=\"bergstrasse-sa-calobra-Mallorca\" width=\"1000\" height=\"651\" srcset=\"https:\/\/www.5vorflug.de\/blog\/wp-content\/uploads\/2018\/02\/Mallorca.jpg 1000w, https:\/\/www.5vorflug.de\/blog\/wp-content\/uploads\/2018\/02\/Mallorca-300x195.jpg 300w, https:\/\/www.5vorflug.de\/blog\/wp-content\/uploads\/2018\/02\/Mallorca-768x500.jpg 768w\" sizes=\"(max-width: 1000px) 100vw, 1000px\" \/><\/p>\n<h3>Algarve f\u00fcr Radler<\/h3>\n<p>Fast 10 Millionen Urlauber besuchen jedes Jahr die s\u00fcdlichste Region Portugals. Sie kommen zumeist w\u00e4hrend der Hauptsaison zum Badeurlaub oder zum Golfen. Das wird sich jetzt \u00e4ndern: In der Algarve gibt es neuerdings zwei lange Radwanderrouten, die immer popul\u00e4rer werden. Kein Wunder \u2013 die sonnenverw\u00f6hnte Gegend hat noch wesentlich mehr zu bieten als 150 km wildromantische K\u00fcste.<\/p>\n<p>In den D\u00f6rfern der Bergkette von Monchique scheint die Zeit stehen geblieben zu sein. Naturfreunde schw\u00e4rmen vom Schutzgebiet der Ria Formosa Lagune \u2013 \u00fcber 170 km\u00b2 wilde Landschaft mit Brutpl\u00e4tzen von \u00fcber 100 Vogelarten. Die kleinen einsamen Str\u00e4nde des Vicentina Naturparks zwischen Aljezur und Sagres lassen sich am einfachsten per Fahrrad erkunden und das beste Essen gibt es immer noch in D\u00f6rfern abseits der Touristenrouten.<\/p>\n<p>Portugal fernab des Tourismus erlebt ihr auf der Via Algarviana. Urspr\u00fcnglich war die Route als gut ausgebauter Fernwanderweg geplant. Sie ist zwar an manchen Stellen etwas holprig, wird aber immer mehr von Mountainbikern genutzt. F\u00fcr den 300 km langen (Rad)wanderweg ist gute Kondition angesagt. Er f\u00fchrt vom Kap \u201eCabo de S\u00e3o Vicente\u201c im S\u00fcdwesten durch h\u00fcgelige Landschaften mit Eukalyptus- und Korkeichenw\u00e4ldern, Zitronen- und Orangenhainen: ein Erlebnis f\u00fcr alle Sinne. Vorbei an Fl\u00fcssen und gr\u00fcnen Oasen geht es in die Gebirge im Norden bis nach Alcoutim im Nordosten der Algarve.<\/p>\n<p>Wenn ihr gern am Meer bleiben wollt und keine Lust auf sportliche Glanzleistungen habt, ist der Ecovia die Strecke eurer Wahl. Diesmal geht es um einen \u201erichtigen Fahrradweg\u201c mit wenig H\u00f6henunterschieden. Der Startpunkt liegt ebenfalls am \u201eCabo de S\u00e3o Vicente\u201c. \u00dcber 214 km folgt der Radwanderweg in etwa der K\u00fcste bis hin zur spanischen Grenze. Ihr durchquert auf dem Ecovia quirlige Touristenorte und einsame Naturschutzgebiete. Eure Etappenziele plant ihr ganz nach euren Vorlieben. Party an der Strandbar oder BBQ bei Sonnenuntergang in einer einsamen Felsenbucht? Der Ecovia l\u00e4sst euch die Wahl.<\/p>\n<p>Interesse an einem Fahrrad-Urlaub in Portugal? Dann informiert euch am besten hier ausf\u00fchrlicher \u00fcber einen <a href=\"https:\/\/www.5vorflug.de\/blog\/5vorflug-reisewelt\/europa\/fahrradurlaub-in-portugal\/\" target=\"_blank\" rel=\"noopener noreferrer\">Fahrradurlaub in Portugal<\/a>.<\/p>\n<p><img decoding=\"async\" loading=\"lazy\" class=\"aligncenter wp-image-12771 size-full\" src=\"https:\/\/www.5vorflug.de\/blog\/wp-content\/uploads\/2018\/02\/FAO_Algarve_shutterstock_14478466.jpg\" alt=\"kueste-algarve\" width=\"1000\" height=\"669\"><\/p>\n<h3>Kreta per Fahrrad entdecken<\/h3>\n<p>Die s\u00fcdlichste Ecke Europas ist ein ganz besonderes Erlebnis f\u00fcr Fahrradfahrer. Ihr k\u00f6nnt hier auf einer einzigen Tagesetappe schroffe Berglandschaften, gr\u00fcne Hochebenen, wilde Schluchten und weite Sandstr\u00e4nde mit hohen D\u00fcnen entdecken. 5.000 Jahre Kulturgeschichte, venezianische, osmanische und byzantinische Bauten und die beispiellose Gastfreundschaft der Kreter in den D\u00f6rfern abseits der Touristenstr\u00e4nde \u2013 eine Fahrradreise durch Kreta ist absolut lohnend. Allerdings ist der Fahrradtourismus noch nicht im s\u00fcdlichsten Zipfel Griechenlands angekommen.<\/p>\n<p>Obwohl es auf Kreta 1.170 km erfasste Wege jenseits der Hauptstra\u00dfen gibt, sind bisher noch keine Radwanderwege ausgeschildert. Mit ein bisschen Pioniergeist findet ihr aber problemlos verschiedene Routen im Internet, die schon von anderen Radlern kommentiert wurden. Off-Road-Biker und Profi-Sportler kommen regelm\u00e4\u00dfig im Herbst und im Winter nach Kreta, um dort f\u00fcr die n\u00e4chste Saison zu trainieren . Viele Strecken auf Kreta eignen sich eher f\u00fcr Radfahrer mit guter Kondition, also informiert euch vorab gut, welche Touren ihr fahren m\u00f6chtet.<\/p>\n<p>Auch \u201eSonntagsfahrer\u201c haben bei guter Planung ihren Spa\u00df bei einer Fahrradwanderung durch Kreta. Sie sollten aber eher kurze Etappen einplanen und ausreichend \u201efreie Tage am Strand\u201c, damit der Spa\u00dffaktor nicht verloren geht. Wenn ihr weniger sportlichen Ambitionen hegt und es lieber locker angehen lassen wollt, quartiert euch einfach im flacheren S\u00fcden der Insel ein \u2013 beispielsweise in Paleochora. Das St\u00e4dtchen ist ein Insidertipp f\u00fcr Wanderer und Radler, die von hier aus abwechslungsreiche Standorttouren unternehmen. Auf der Suche nach der richtigen Unterkunft f\u00fcr eure Standorttour? Dann schaut einmal bei unseren <a href=\"https:\/\/www.5vorflug.de\/destinationen\/lastminute-kreta.html\" target=\"_blank\" rel=\"noopener noreferrer\">Kreta-Angeboten<\/a>, ob das Passende f\u00fcr euch dabei ist.<\/p>\n<p>F\u00fcr Mountainbiker gibt es unendlich viele spannende Routen \u2013 wie beispielsweise die knapp 45 km lange Tour von Cheronissos an der Nordk\u00fcste zur Lassithi Hochebene und zur\u00fcck. Dabei sind 880 Meter H\u00f6henunterschied zu \u00fcberwinden \u2013 also nichts f\u00fcr schwache Waden. Ihr startet beim Hotel Annabelle Resort und habt bis Abdou Zeit zum Aufw\u00e4rmen. Der zweite Teil der Route ab der Abzweigung nach Malia ist richtig anspruchsvoll. Oben erreicht ihr die Windm\u00fchlen und k\u00f6nnt die von Felsen eingerahmte Ebene ein Mal umrunden. Die Tour lohnt sich allein schon wegen der fantastischen Aussicht.<\/p>\n<p><img decoding=\"async\" loading=\"lazy\" class=\"aligncenter wp-image-12773 size-full\" src=\"https:\/\/www.5vorflug.de\/blog\/wp-content\/uploads\/2018\/02\/Samaria-kreta.jpg\" alt=\"samaria-kreta\" width=\"1000\" height=\"667\"><\/p>\n<h3>Gem\u00fctlich durch die Emilia Romagna<\/h3>\n<p><a href=\"https:\/\/www.5vorflug.de\/blog\/5vorflug-reisewelt\/europa\/italien-reisetipps\/\" target=\"_blank\" rel=\"noopener noreferrer\">Bella Italia<\/a> hat sich im Gegensatz zu Griechenland schon fr\u00fchzeitig auf den Fahrradtourismus eingestellt. Immer am l\u00e4ngsten Fluss Italiens entlang geht es kilometerweit durch Flachland. Die Region ist ein hei\u00dfer Tipp f\u00fcr Foodies. Sie ist f\u00fcr ihre kulinarischen Leckerbissen ber\u00fchmt: Parmesan, Aceto di Balsamico, Parmaschinken und Lambrusco kommen von hier.<\/p>\n<p>Eingebettet zwischen der Adria, dem Appeninn und der Po-Ebene bietet euch die Emilia Romagna abwechslungsreiche Natur und sehenswerte kulturelle Highlights. Ob Familien, Senioren oder Paare \u2013 hier gibt es Attraktionen f\u00fcr s\u00e4mtliche Altersstufen. Auf den flachen Radwegen m\u00fcsst ihr euch keinen abstrampeln und kommt jeden Tag erholt an euer n\u00e4chstes Etappenziel. Kulturfreunde planen einen kleinen Aufenthalt in Ravenna, Bologna oder Ferrara ein und Naturfreunde nehmen sich Zeit, um die einzigartige Lagunenlandschaft um Comacchio zu erkunden.<\/p>\n<p>Liebhaber klassischer Musik k\u00f6nnen hier mit dem Fahrrad auf den Wegen Verdis wandeln. Vom Verdi-Ort Busseto aus f\u00fchrt der Radweg 2 \u201eVerdi\u201c auf den Spuren des Komponisten bis nach S. Agatha. Der gut ausgeschilderte Radwanderweg f\u00fchrt \u00fcber wenig befahrene Nebenstra\u00dfen und verkehrsberuhigten Fahrradstra\u00dfen zu den verschiedenen Stationen im Leben des italienischen Meisters.<\/p>\n<p>Wer sich den Radweg 1 \u201eBici Parma Po\u201c aussucht, folgt den Schleifen und Windungen des majest\u00e4tischen Flusses bis hin zum Flussdelta an der M\u00fcndung in die Adria. Seitenarme, Strudel, Sandb\u00e4nke und kleine Inselchen bieten euch immer wieder andere \u00d6kotope mit erstaunlicher Artenvielfalt. Hier h\u00f6rt ihr oft stundenlang nichts als das Rauschen des breiten Wasserlaufs und das Zwitschern der V\u00f6gel. \u201eBici Parma Po\u201c ist genau das Richtige f\u00fcr alle, die sich ein Mal so richtig aus der Alltagshektik ausklinken m\u00f6chten.&nbsp;<\/p>\n<p>&nbsp;<\/p>\n<h2>Fahrradurlaub im Fr\u00fchjahr &#8211; Blogger verraten ihre Tipps<\/h2>\n<p>Ihr habt jetzt Lust bekommen auf einen Fahrradurlaub dieses Fr\u00fchjahr? Dann seid ihr damit definitiv nicht allein. Vielen deutschen Radbloggern geht es \u00e4hnlich wie euch. Einige von ihnen haben wichtige Tipps f\u00fcr euch, wie ihr euch auf euren Urlaub auf dem Rad am besten vorbereiten k\u00f6nnt und welche Ziele im Fr\u00fchjahr besonders lohnenswert sind.<\/p>\n<h3>1. Carolyn von <a href=\"https:\/\/ciclista.net\/\" target=\"_blank\" rel=\"noopener noreferrer\">Ciclista<\/a><\/h3>\n<p><em>Carolyns Ziel ist es, andere dazu motivieren, sich ein Rad zu schnappen und einfach loszufahren. Hierf\u00fcr schreibt sie auf ihrem Blog Ciclista \u00fcber die heldenhaften, aber auch weniger heldenhaften Geschichten, die das Radfahren ausmachen. Sie selbst ist sowohl auf ihrem Rennrad als auch auf ihrem Mountainbike viel unterwegs, begeistert sich aber auch f\u00fcr die Tour de France und Triathlon &#8211; eine Radfahrerin durch und durch also, von der wir uns noch viele Tipps geben lassen k\u00f6nnen!<\/em><\/p>\n<p><img decoding=\"async\" loading=\"lazy\" class=\"alignleft size-medium wp-image-13247\" src=\"https:\/\/www.5vorflug.de\/blog\/wp-content\/uploads\/2018\/02\/Ciclista-300x213.jpg\" alt=\"ciclista in sizilien\" width=\"300\" height=\"213\" srcset=\"https:\/\/www.5vorflug.de\/blog\/wp-content\/uploads\/2018\/02\/Ciclista-300x213.jpg 300w, https:\/\/www.5vorflug.de\/blog\/wp-content\/uploads\/2018\/02\/Ciclista.jpg 560w\" sizes=\"(max-width: 300px) 100vw, 300px\" \/>Wenn der Fr\u00fchling nicht zum Radfahrer kommt, dann muss der Radfahrer eben in den Fr\u00fchling fliegen. Schlie\u00dflich macht Kilometer sammeln bei warmen Temperaturen viel mehr Spa\u00df als im Schneegest\u00f6ber, das bei uns im Chiemgau auch noch im April gar nicht so un\u00fcblich ist. Wenn ich ein Trainingslager plane, dann achte ich darauf, davor schon ein paar Kilometer in den Beinen zu haben, je besser die Form, desto mehr Spa\u00df in der Sonne. Au\u00dferdem achte ich w\u00e4hrend des Radurlaubs auf die Regeneration.&nbsp; Denn ehe man sich versieht, kehrt man krank aus dem Trainingslager zur\u00fcck, wenn man sich keine Verschnaufpause g\u00f6nnt. Und dann waren all die sch\u00f6nen Kilometer f\u00fcr die Katz.<\/p>\n<p>F\u00fcr den klassischen Radurlaub bieten sich Mallorca oder Fuerteventura an, letztes Jahr hatte ich aber Lust auf ein kleines Abenteuer und&nbsp; buchte einen Flug nach Sizilien. Mafia, \u00c4tna, Sonne, Meer \u2013 das h\u00f6rte sich spannend an! Und wo ein Rennradverleih ist, ist auch ein Weg.&nbsp;Die Entscheidung war eine gute: r\u00fccksichtsvolle Autofahrer, g\u00fcnstiger und richtig guter Espresso, ein unglaublicher Ausblick auf den \u00c4tna und leere Stra\u00dfen haben mich begeistert. Kleines Manko: Der Zustand der Stra\u00dfen l\u00e4sst oft zu w\u00fcnschen \u00fcbrig, man muss jederzeit mit Schlagl\u00f6chern rechnen. Aber wer Lust hat, mit dem Rad mal nicht auf den ausgetretenen Pfaden zu wandeln, der kann auf Sizilien eine tolle Zeit haben. Viel Spa\u00df im Radurlaub und vergesst die Sonnencreme nicht! Die gibt es n\u00e4mlich auf Sizilien im Fr\u00fchjahr noch kaum in den L\u00e4den.<\/p>\n<h3>2. Andr\u00e9 von <a href=\"http:\/\/rund-ums-mountainbike.de\/\" target=\"_blank\" rel=\"noopener noreferrer\">rund-ums-moutainbike<\/a><\/h3>\n<p><em>Andr\u00e9 schreibt auf seinem Blog rund-ums-mountainbike wie der Name schon sagt, vor allem \u00fcber das Mountainbike-Fahren. Neben spannenden Infos \u00fcber seine Touren gibt er auch Tipps zum Training mit dem Mountainbike und zur besten Ausr\u00fcstung. Neben privaten Touren nimmt Andr\u00e9 auch an Mountainbike-Rennen teil, von denen er auf seinem Blog berichtet.<\/em><\/p>\n<p>Das Fr\u00fchjahr geh\u00f6rt zu den sch\u00f6nsten Jahreszeiten zum Fahrradfahren f\u00fcr mich. Wenn nach einem langen Winter und frostigen Temperaturen die Tage l\u00e4nger und w\u00e4rmer werden, macht eine Tour \u00fcber Wald und Wiesen besonders viel Spa\u00df. Gerade morgens kann man neben singenden V\u00f6geln oft auch einen tollen Sonnenaufgang bewundern. Das motiviert und gibt Kraft f\u00fcr den Tag. Mein Geheimtipp f\u00fcr eine Fahrradtour im Fr\u00fchjahr ist das Bergische Land. Dieses Gebiet bietet mit seinen zahlreichen Trinkwassertalsperren und unber\u00fchrten W\u00e4ldern tolle Ausflugsziele f\u00fcr Radsportbegeisterte. Zus\u00e4tzlich gibt es viele historische Stadtkerne mit sch\u00f6nen und urigen Restaurants, Caf\u00e9s und Museen. Das Bergische Land ist von K\u00f6ln aus in nord\u00f6stlicher Richtung in 30 Minuten zu erreichen. Wenn die Natur wieder zu bl\u00fchen beginnt, kann aber jeder Ort auf der Welt der richtige sein, um mit seinem Fahrrad auf Tour zu gehen.<\/p>\n<p>Neben der obligatorischen Schutzausr\u00fcstung, wie z. B. einen Helm, sind im Fr\u00fchjahr Licht und die richtige Kleidung wichtig. Wenn die Temperaturen tags\u00fcber in den zweistelligen Bereich klettern, kann es morgens und abends hingegen stark abk\u00fchlen. Hier empfiehlt sich auch auf dem Fahrrad der ber\u00fchmte \u201eZwiebelprinzip\u201c f\u00fcr die Auswahl der richtigen Kleidung. Nicht ben\u00f6tigte Schichten kann man dann so am Tage im Rucksack verstauen und wieder anziehen, wenn es abk\u00fchlt. Ein sch\u00f6ner Nebeneffekt beim Fahrrad fahren im Fr\u00fchjahr ist, dass es der Fr\u00fchjahrsm\u00fcdigkeit entgegenwirken kann. Dazu reichen schon kurze Fahrten am Nachmittag von 30 Minuten oder Fahrten mit dem Rad zur Arbeit.&nbsp;<\/p>\n<h3>3. Patrick von born2.bike<\/h3>\n<p><em>Patricks Blog born2.bike existiert seit 2016 und ist ein Blog f\u00fcr Bike-Enthusiasten. Er schreibt hier vor allem \u00fcber Technik und seine Touren mit dem Fahrrad. Die f\u00fchren ihn in die abgelegensten Orte Bayerns aber auch bis nach Japan. Auch St\u00e4dtetouren sind ein wichtiges Thema auf seinem Blog. Wenn es drau\u00dfen noch etwas k\u00fchler ist, eignen die sich \u00fcbrigens auch super, f\u00fcr eine Radtour im Fr\u00fchjahr!<\/em><\/p>\n<p><img decoding=\"async\" loading=\"lazy\" class=\"alignleft size-medium wp-image-13075\" src=\"https:\/\/www.5vorflug.de\/blog\/wp-content\/uploads\/2018\/02\/patrick-born2bike-300x225.jpg\" alt=\"patrick born2bike\" width=\"300\" height=\"225\" srcset=\"https:\/\/www.5vorflug.de\/blog\/wp-content\/uploads\/2018\/02\/patrick-born2bike-300x225.jpg 300w, https:\/\/www.5vorflug.de\/blog\/wp-content\/uploads\/2018\/02\/patrick-born2bike-768x576.jpg 768w, https:\/\/www.5vorflug.de\/blog\/wp-content\/uploads\/2018\/02\/patrick-born2bike.jpg 880w\" sizes=\"(max-width: 300px) 100vw, 300px\" \/>Die Sonnenstrahlen werden langsam wieder kr\u00e4ftig. Die B\u00e4ume schlagen aus, die ersten Blumen bl\u00fchen und man kann den Fr\u00fchling mit jeder Pore sp\u00fcren. Auch die Temperaturen klettern wieder zuverl\u00e4ssig in den zweistelligen Bereich. Jetzt sp\u00e4testens sieht uns das schicke Rad, das wir im Winter in den Keller getragen haben, vorwurfsvoll an. Es will befreit werden von der Staubschicht, die Kette w\u00fcnscht sich ein paar Tropfen \u00d6l und in die Reifen muss ein bisschen mehr Luft. Schon kann es losgehen auf die erste Radtour im neuen Jahr!&nbsp;Es sollte erst mal eine kleine Tour sein, zum Caf\u00e9 mit der sonnigen Terrasse oder zum Biergarten in der gr\u00fcnen Lunge der Stadt. Auch f\u00fcr Gro\u00dfst\u00e4dter gibt es tolle Fr\u00fchjahrstouren, wie beispielsweise eine Urban-Bike-Tour durch <a href=\"http:\/\/born2.bike\/urban-bike-tour-muenchen\/\" target=\"_blank\" rel=\"noopener noreferrer\">M\u00fcnchen<\/a> oder durch <a href=\"http:\/\/born2.bike\/urban-bike-tour-berlin\/\" target=\"_blank\" rel=\"noopener noreferrer\">Berlin<\/a>. Wie weit man in Summe f\u00e4hrt, h\u00e4ngt ganz von der individuellen Kondition ab. Wintersportler k\u00f6nnen jetzt aus dem Vollen sch\u00f6pfen. Hobby-K\u00f6che sollten es etwas ruhiger angehen. H\u00f6henmeter sollte man untrainiert meiden.&nbsp;Eine tolle Kondition holt ihr euch jetzt mit Kontinuit\u00e4t und ohne starke Anstrengungen. Das funktioniert besonders gut mit Rennrad, Urban Bike oder Tourenrad auf ebenen Strecken.<\/p>\n<p>Die richtige Tour hat eine \u201eRisiko-Versicherung\u201c. Zum Beispiel entlang einer Regionalbahn, mit der man schnell wieder zur\u00fcck nach Hause kommt, mit Luftpumpe und Standardwerkzeug, falls das Rad doch nicht so gut \u00fcber den Winter gekommen ist und mit gen\u00fcgend Bekleidung in Schichten, damit man der Temperatur entsprechend immer das Richtige dabei hat. Die Berge sollten noch ein bisschen warten, denn im Fr\u00fchling sorgt die Schneeschmelze daf\u00fcr, dass es eine recht matschige \u00dcberraschung geben kann. Der Schnee liegt bis Ende April noch auf etwa 1.500 Metern und bis Ende Mai noch auf etwa 2.000 Metern.&nbsp;<\/p>\n<h3>4. Janet von <a href=\"http:\/\/www.mythos-ebike.de\/\" target=\"_blank\" rel=\"noopener noreferrer\">mythos-ebike.de<\/a><\/h3>\n<p><em>Janet setzt sich auf Mythos Ebike mit dem F\u00fcr und Wider von Ebikes auseinander. Dabei testet sie die sch\u00f6nten Bike-Regionen, \u00fcber die sie auf ihrem Blog berichtet. Ihr Radfahr-Tipp im Fr\u00fchjahr ist der kleine Ort Latsch im Vinschgau in S\u00fcdtirol. Die Region ist bei Radfahren wie auch Mountainbikern sehr beliebt, sie eignet sich aber auch hervorragend f\u00fcr Ebike-Touren, wie uns Janet berichtet.<\/em><\/p>\n<p><img decoding=\"async\" loading=\"lazy\" class=\"alignleft size-medium wp-image-13269\" src=\"https:\/\/www.5vorflug.de\/blog\/wp-content\/uploads\/2018\/03\/janet-300x200.jpg\" alt=\"janet\" width=\"300\" height=\"200\" srcset=\"https:\/\/www.5vorflug.de\/blog\/wp-content\/uploads\/2018\/03\/janet-300x200.jpg 300w, https:\/\/www.5vorflug.de\/blog\/wp-content\/uploads\/2018\/03\/janet-768x512.jpg 768w, https:\/\/www.5vorflug.de\/blog\/wp-content\/uploads\/2018\/03\/janet.jpg 880w\" sizes=\"(max-width: 300px) 100vw, 300px\" \/>Falls Ihr es bereits jetzt schon nicht mehr erwarten k\u00f6nnt wieder in die Pedale zu&nbsp;treten, dann solltet Ihr Euch einmal Latsch im sch\u00f6nen Vinschgau genauer auf der Landkarte ansehen. Seit fast 4 Jahren in Folge waren Micha, Nino und ich nun im Fr\u00fchjahr zum Biken in Latsch. Latsch ist von Deutschland aus gut erreichbar und gepr\u00e4gt von einem \u00e4u\u00dferst milden, alpin mediterranen Klima, was zu einer langen Radsaison von M\u00e4rz bis November f\u00fchrt. Als (E-) Biker profitieren wir vor allem von einem dichten, gut markierten Wegenetz sowie offiziell ausgewiesenen, flowigen als auch technischen Mountainbike-Trails in jeglichen Schwierigkeitsgraden mit vielen Einkehrm\u00f6glichkeiten. Nach jeder Tour g\u00f6nnen wir uns daher im Ortskern in einem Caf\u00e9 ein hausgemachtes Eis und planen den n\u00e4chsten Tag. Ein bestens funktionierendes Angebot an gef\u00fchrten Touren, Shuttles und Seilbahnen erleichtert uns dabei unsere Tourenplanung. Latsch ist aus meiner Sicht f\u00fcr jeden Biker oder E-biker geeignet, aber auch Genuss- und Trekkingradler sowie Familien kommen hier voll auf ihre Kosten. Die Radstrecke entlang der alten R\u00f6merstra\u00dfe Via Claudia Augusta, die als leichter Radweg durch das gesamte Vinschgau f\u00fchrt, lockt mit vielf\u00e4ltigen Kultur- und Kulinarik-Highlights entlang der Strecke. Wir als Familie finden entlang der Etschradroute au\u00dferdem zahlreiche Spielpl\u00e4tze oder Rastm\u00f6glichkeiten, um auch mit unserem Nino zu einer tollen Tour zu starten. Sobald seine Kondition nachl\u00e4sst, k\u00f6nnen wir jederzeit auch mit der Vinschgau Bahn zum Ausgangspunkt zur\u00fcckfahren. Alles in allem verf\u00fcgt die ganze Bikeregion au\u00dferdem \u00fcber eine gute Infrastruktur von Unterk\u00fcnften, Gastronomie, Bikeschulen und dem Verleih von Equipment f\u00fcr den Radsport.&nbsp;Also \u00f6lt die Ketten und pumpt die Reifen auf \u2013 die Radsaison ist er\u00f6ffnet. &nbsp;<\/p>\n<h3>5. Martin von <a href=\"https:\/\/www.169k.net\/\" target=\"_blank\" rel=\"noopener noreferrer\">169k.net<\/a><\/h3>\n<p><em>Von den richtigen Schuhen auf dem Rad bis hin zu Sitzcreme &#8211; Martin testet auf seinem Blog 169k.net alles, was Radfahrer f\u00fcr lange Touren brauchen. Neben Radurlauben auf Lanzarote oder \u00d6sterreich schreibt Martin auch \u00fcber seine zahlreichen Rennen, an denen er mit seinem Rennrad teilnimmt. F\u00fcr uns hat er einige Tipps aufgeschrieben, die man bei einem Radurlaub im Fr\u00fchjahr auf Lanzarote beachten sollte.<\/em><\/p>\n<p><img decoding=\"async\" loading=\"lazy\" class=\"alignleft size-medium wp-image-13078\" src=\"https:\/\/www.5vorflug.de\/blog\/wp-content\/uploads\/2018\/02\/martin-169k.net_-300x225.jpg\" alt=\"martin 169k.net\" width=\"300\" height=\"225\" srcset=\"https:\/\/www.5vorflug.de\/blog\/wp-content\/uploads\/2018\/02\/martin-169k.net_-300x225.jpg 300w, https:\/\/www.5vorflug.de\/blog\/wp-content\/uploads\/2018\/02\/martin-169k.net_-768x576.jpg 768w, https:\/\/www.5vorflug.de\/blog\/wp-content\/uploads\/2018\/02\/martin-169k.net_-1024x768.jpg 1024w, https:\/\/www.5vorflug.de\/blog\/wp-content\/uploads\/2018\/02\/martin-169k.net_.jpg 1280w\" sizes=\"(max-width: 300px) 100vw, 300px\" \/>Lanzarote wird nicht als DIE Radinsel wahrgenommen. Profi-Teams trainieren woanders und auch die meisten Hobby-Radler zieht es nach Mallorca. Einmal auf der Insel angekommen \u00fcberrascht daher die Zahl an Radlern, die sich dort tummeln. Rennradler, tief(f)liegende Zeitfahrer, Triathleten und Familien. Es ist genug Platz f\u00fcr alle, da es Seitenstreifen gibt und die Autofahrer r\u00fccksichtsvoll Abstand halten.<\/p>\n<p>Fahrradfahrer sollten allerdings beachten: Lanzarote ist nicht sehr gro\u00df! Damit hat man relativ schnell einen \u00dcberblick gewonnen und auch in kurzer Zeit die Insel erkundet. Zahlreiche kleine Verbindungsstra\u00dfen sorgen trotzdem f\u00fcr Abwechslung und laden zu immer neuen Entdeckungen ein. Die Topographie ist mitunter t\u00fcckisch. In einer Landschaft ohne Hindernisse werden Stra\u00dfen einfach geradeaus gebaut. Die Asphaltb\u00e4nder ziehen sich wie ein gerader Strich bis zum Horizont oder zum n\u00e4chsten Vulkankegel. Als Sahneh\u00e4ubchen weht best\u00e4ndiger Wind in unterschiedlicher St\u00e4rke. Die meiste Zeit dient der Wind als angenehme K\u00fchlung w\u00e4hrend des Fahrens. Wird er allerdings frischer, sollte die Streckenwahl gut durchdacht sein, denn R\u00fcckenwind macht zwar Spa\u00df, der R\u00fcckweg wird aber zum Bu\u00dfgang. Neben einer gewissen Grundkondition sollte man daher auch einen \u201egefestigten Charakter\u201c mitbringen, um Lanzarote auf dem Rennrad richtig zu genie\u00dfen. Highlights sind die Fahrt durch den Timanfaya Nationalpark, die Bergstra\u00dfen rund um Har\u00eda, sowie die Verbindung von Ye nach Orzola.<\/p>\n<p>Steigt man vom Rad ab, gibt es auf Lanzarote mehrheitlich sanften Tourismus, an allen Ecken stehen sehenswerte Museen und Skulpturen von Manrique. Die Vulkanlandschaft ist zuerst gew\u00f6hnungsbed\u00fcrftig, erst nach und nach offenbart sie ihre Sch\u00f6nheit. Wer noch mehr Ruhe braucht, dem sei ein Ausflug auf die Insel La Graciosa ans Herz gelegt!<\/p>\n<h3>6. Petra von Freeride Inc. Austria<\/h3>\n<p><em>Petra stellt auf Freeride Inc. Austira verschiedene Biketouren vor. Das besondere dabei ist, dass sie jede Biketour in eine H\u00f6henmeter-Kategorie einteilt und so jeder Leser die passende Tour f\u00fcr sein Fitnesslevel findet. Zus\u00e4tzlich testet Petra noch verschiedene Bike-Ausr\u00fcstungen und teilt ihre Ergebnisse mit ihren Lesern. Um sich auf ihre Radtouren vorzubereiten, trainiert sie im Fr\u00fchjahr gerne am Gardasee. Was man sich dort nicht entgehen lassen sollte, verr\u00e4t sie uns in ihrem Gastbeitrag:<\/em><\/p>\n<p><img decoding=\"async\" loading=\"lazy\" class=\"alignleft wp-image-13241 size-medium\" src=\"https:\/\/www.5vorflug.de\/blog\/wp-content\/uploads\/2018\/02\/FreerideInc-300x200.jpg\" alt=\"FreerideInc\" width=\"300\" height=\"200\" srcset=\"https:\/\/www.5vorflug.de\/blog\/wp-content\/uploads\/2018\/02\/FreerideInc-300x200.jpg 300w, https:\/\/www.5vorflug.de\/blog\/wp-content\/uploads\/2018\/02\/FreerideInc-768x512.jpg 768w, https:\/\/www.5vorflug.de\/blog\/wp-content\/uploads\/2018\/02\/FreerideInc.jpg 960w\" sizes=\"(max-width: 300px) 100vw, 300px\" \/>Unsere Lieblings-Bikeregion zum Fr\u00fchlingsbiken ist der Gardasee. Viele Mountainbiker denken ja die Seeregion wurde mittlerweile von anderen Regionen wie z.B. Finale Ligure abgel\u00f6st, doch f\u00fcr uns sind die Trails um den Lago di Garda einfach unvergleichlich. Gerade im Fr\u00fchjahr sind sie unverzichtbar, da sie einfach schon sehr fr\u00fch schneefrei und trotzdem so richtig fordernd sind. Ein weiterer Vorteil ist ihre L\u00e4nge: Die meisten Trails am Gardasee erstrecken sich \u00fcber mindestens 1000 hm, sodass man sich dort perfekt auf die neue Bikesaison einstellen kann.<br \/>\nNoch dazu ist um den 1. Mai das Bikefestival in Riva. Hier lohnt sich ein Besuch nicht nur wegen der legend\u00e4ren Partys. Dort trifft sich wirklich fast die ganze Bikeszene. Wer noch nie dort war, sollte auf jeden Fall Samstag gegen Abend am Zillertal Stand beim Schnapsbrunnen vorbeischauen! Aber am Gardasee geht es nicht haupts\u00e4chlich um Party, sondern vor allem ums Biken. Auf unserem Blog stellen wir Euch viele tolle Touren vor, unser pers\u00f6nliches Highlight ist dabei der <a href=\"http:\/\/www.freerideinc.at\/2017\/04\/mt-carone-1621-mua-gardasee-where-trail.html#more\" target=\"_blank\" rel=\"noopener noreferrer\">Mt. Carone<\/a>, er bietet eine traumhafte Aussicht gepaart mit einem mega Trail. Er ist bisher wirklich noch ein echter Geheimtipp in der Gardasee Region, daher habt ihr auch noch ausreichend Ruhe, um eure Tour so richtig zu genie\u00dfen! Nachbiken lohnt sich! Aber bitte passt auf, der Trail ist schon recht anspruchsvoll und daher nur f\u00fcr ge\u00fcbte Biker zu empfehlen!&nbsp;<strong>Tourdaten auf einen Blick:&nbsp;<\/strong>Strecke ca. 57 km, H\u00f6henmeter gesamt ca. 1670 hm, Trailschwierigkeit: S2 bis S3<\/p>\n","protected":false},"excerpt":{"rendered":"<p>Fahrradfahren wird in Deutschland immer beliebter \u2013 und das aus gutem Grund. Es trainiert Herz, Lunge, Kreislauf und Muskeln ohne die Gelenke zu belasten. Und es ist gut f\u00fcr die Psyche: Entschleunigung vom Feinsten. Immer mehr Radfahrer entscheiden sich deshalb daf\u00fcr, auch im Urlaub mit dem Fahrrad unterwegs zu sein. Die Travelbike-Analyse 2017 des ADFC &#8230;<\/p>\n","protected":false},"author":58,"featured_media":2440,"comment_status":"open","ping_status":"open","sticky":false,"template":"","format":"standard","meta":{"ngg_post_thumbnail":0},"categories":[46,38],"tags":[1540,1560,1599],"aioseo_notices":[],"_links":{"self":[{"href":"https:\/\/www.5vorflug.de\/blog\/wp-json\/wp\/v2\/posts\/12482"}],"collection":[{"href":"https:\/\/www.5vorflug.de\/blog\/wp-json\/wp\/v2\/posts"}],"about":[{"href":"https:\/\/www.5vorflug.de\/blog\/wp-json\/wp\/v2\/types\/post"}],"author":[{"embeddable":true,"href":"https:\/\/www.5vorflug.de\/blog\/wp-json\/wp\/v2\/users\/58"}],"replies":[{"embeddable":true,"href":"https:\/\/www.5vorflug.de\/blog\/wp-json\/wp\/v2\/comments?post=12482"}],"version-history":[{"count":31,"href":"https:\/\/www.5vorflug.de\/blog\/wp-json\/wp\/v2\/posts\/12482\/revisions"}],"predecessor-version":[{"id":22355,"href":"https:\/\/www.5vorflug.de\/blog\/wp-json\/wp\/v2\/posts\/12482\/revisions\/22355"}],"wp:featuredmedia":[{"embeddable":true,"href":"https:\/\/www.5vorflug.de\/blog\/wp-json\/wp\/v2\/media\/2440"}],"wp:attachment":[{"href":"https:\/\/www.5vorflug.de\/blog\/wp-json\/wp\/v2\/media?parent=12482"}],"wp:term":[{"taxonomy":"category","embeddable":true,"href":"https:\/\/www.5vorflug.de\/blog\/wp-json\/wp\/v2\/categories?post=12482"},{"taxonomy":"post_tag","embeddable":true,"href":"https:\/\/www.5vorflug.de\/blog\/wp-json\/wp\/v2\/tags?post=12482"}],"curies":[{"name":"wp","href":"https:\/\/api.w.org\/{rel}","templated":true}]}}